{"id":1205,"date":"2016-08-08T22:23:55","date_gmt":"2016-08-08T20:23:55","guid":{"rendered":"http:\/\/www.gemeinde-gottes-kirchberg.de\/?p=1205"},"modified":"2021-12-21T12:20:10","modified_gmt":"2021-12-21T11:20:10","slug":"vater-sohn-einsatz-in-der-ukraine","status":"publish","type":"post","link":"https:\/\/www.gemeinde-gottes-kirchberg.de\/?p=1205","title":{"rendered":"Vater -Sohn Einsatz in der Ukraine"},"content":{"rendered":"<p style=\"text-align: justify;\">Bei einem Vortrag \u00fcber Glaubensgeschwister in der Ukraine, wurde unter anderem auch \u00fcber eine \u00e4ltere Frau aus der Ortsgemeinde Krasne berichtet, die in sehr \u00e4rmlichen Verh\u00e4ltnissen lebt. Das Dach w\u00e4re wohl undicht, das Haus marode und es fehle an jeglichen Mitteln, es auszubessern.<\/p>\n<p style=\"text-align: justify;\">Gott legte es Br\u00fcdern aus unserer Gemeinde aufs Herz, dieser Frau zu helfen. ER (Gott) der das Verlangen gab, \u00f6ffnete auch Schritt f\u00fcr Schritt die Wege in der Vorbereitungszeit. Wir durften Gott alle unsere Bedenken, Sorgen aber auch die noch fehlenden Hilfsmittel im Gebet sagen.<\/p>\n<p style=\"text-align: justify;\"><a href=\"http:\/\/www.gemeinde-gottes-kirchberg.de\/wp-content\/uploads\/2016\/08\/start.jpg\" rel=\"lightbox[1205]\"><img loading=\"lazy\" decoding=\"async\" class=\"alignleft size-medium wp-image-1206\" src=\"http:\/\/www.gemeinde-gottes-kirchberg.de\/wp-content\/uploads\/2016\/08\/start-300x169.jpg\" alt=\"start\" width=\"300\" height=\"169\" srcset=\"https:\/\/www.gemeinde-gottes-kirchberg.de\/wp-content\/uploads\/2016\/08\/start-300x169.jpg 300w, https:\/\/www.gemeinde-gottes-kirchberg.de\/wp-content\/uploads\/2016\/08\/start-768x432.jpg 768w, https:\/\/www.gemeinde-gottes-kirchberg.de\/wp-content\/uploads\/2016\/08\/start-624x351.jpg 624w, https:\/\/www.gemeinde-gottes-kirchberg.de\/wp-content\/uploads\/2016\/08\/start.jpg 900w\" sizes=\"auto, (max-width: 300px) 100vw, 300px\" \/><\/a>Und so begann unsere Reise am 13. Mai 2016 mit einer Gruppe, bestehend aus 6 V\u00e4tern, 5 von ihnen in Begleitung ihres Sohnes. Mit Gebet wurden wir schlie\u00dflich von der Gemeinde verbschiedet und fuhren in einem PKW und einem Reisebus, der zum Wohnmobil umgebaut wurde, vollgepackt mit Werkzeugen und Proviant los.<\/p>\n<p style=\"text-align: justify;\">Wir waren alle gespannt, was uns wohl erwarten w\u00fcrde. Unsere Kinder, die die Welt \u00f6stlich von Deutschland nur von Bildern kannten, waren wohl unvoreingenommener als wir V\u00e4ter, die alle in der ehemaligen UdSSR aufgewachsen waren.<!--more--><\/p>\n<p style=\"text-align: justify;\">Voller Dankbarkeit durften wir schlie\u00dflich 2 Tage sp\u00e4ter ohne gr\u00f6\u00dfere Probleme die Polnisch-Ukrainische Grenze passieren. Die verbleibenden rund 130 Kilometer bis zu unserem Ziel, der Stadt Krasne waren allerdings die in beeindruckendsten, und so kamen wir am Sonntag Abend voller Erwartung an den Ort unserer Mission \u2013 zu den vielen Vorstellungen und Fragen bekamen wir nun ein greifbares Bild.<\/p>\n<p style=\"text-align: justify;\"><a href=\"http:\/\/www.gemeinde-gottes-kirchberg.de\/wp-content\/uploads\/2016\/08\/bus.jpg\" rel=\"lightbox[1205]\"><img loading=\"lazy\" decoding=\"async\" class=\"alignleft size-medium wp-image-1207\" src=\"http:\/\/www.gemeinde-gottes-kirchberg.de\/wp-content\/uploads\/2016\/08\/bus-300x169.jpg\" alt=\"bus\" width=\"300\" height=\"169\" srcset=\"https:\/\/www.gemeinde-gottes-kirchberg.de\/wp-content\/uploads\/2016\/08\/bus-300x169.jpg 300w, https:\/\/www.gemeinde-gottes-kirchberg.de\/wp-content\/uploads\/2016\/08\/bus-768x432.jpg 768w, https:\/\/www.gemeinde-gottes-kirchberg.de\/wp-content\/uploads\/2016\/08\/bus-624x351.jpg 624w, https:\/\/www.gemeinde-gottes-kirchberg.de\/wp-content\/uploads\/2016\/08\/bus.jpg 900w\" sizes=\"auto, (max-width: 300px) 100vw, 300px\" \/><\/a>Der Platz war wie geschaffen f\u00fcr unsere Verh\u00e4ltnisse. Direkt vor dem Haus der Frau befand sich eine weitl\u00e4ufige Wiese, auf der wir den Campingbus und das K\u00fcchenzelt stehen lassen konnten. Au\u00dferdem konnte man ohne Probleme Werkzeuge und Material lagern und s\u00e4mtliche Vorbereitungsaufgaben erledigen \u2013 Gott hat wunderbar vorgesorgt.<\/p>\n<p style=\"text-align: justify;\">Die Armut, in der Baba Olja (Gro\u00dfmutter Olga) lebte, hat uns alle sehr zum Nachdenken gebracht. Eine H\u00fctte, von innen und au\u00dfen in einen j\u00e4mmerlichen Zustand. Weder Bad noch Toilette im Haus, geschweige flie\u00dfend Wasser. Das Dach war seit Jahren undicht. Das eintretende Wasser konnte in der mit Lehm und Stroh verkleideten Holzbalkendecke nicht trocknen und zersetzte so das Holz. Au\u00dferdem war dadurch auch eine hohe Feuchtigkeit im Haus, so dass es im Winter nicht richtig warm wurde.<\/p>\n<p style=\"text-align: justify;\"><a href=\"http:\/\/www.gemeinde-gottes-kirchberg.de\/wp-content\/uploads\/2016\/08\/Abriss.jpg\" rel=\"lightbox[1205]\"><img loading=\"lazy\" decoding=\"async\" class=\"alignleft size-medium wp-image-1208\" src=\"http:\/\/www.gemeinde-gottes-kirchberg.de\/wp-content\/uploads\/2016\/08\/Abriss-300x169.jpg\" alt=\"Abriss\" width=\"300\" height=\"169\" srcset=\"https:\/\/www.gemeinde-gottes-kirchberg.de\/wp-content\/uploads\/2016\/08\/Abriss-300x169.jpg 300w, https:\/\/www.gemeinde-gottes-kirchberg.de\/wp-content\/uploads\/2016\/08\/Abriss-768x432.jpg 768w, https:\/\/www.gemeinde-gottes-kirchberg.de\/wp-content\/uploads\/2016\/08\/Abriss-624x351.jpg 624w, https:\/\/www.gemeinde-gottes-kirchberg.de\/wp-content\/uploads\/2016\/08\/Abriss.jpg 900w\" sizes=\"auto, (max-width: 300px) 100vw, 300px\" \/><\/a><a href=\"http:\/\/www.gemeinde-gottes-kirchberg.de\/wp-content\/uploads\/2016\/08\/Abriss2.jpg\" rel=\"lightbox[1205]\"><img loading=\"lazy\" decoding=\"async\" class=\"alignleft wp-image-1210 size-medium\" src=\"http:\/\/www.gemeinde-gottes-kirchberg.de\/wp-content\/uploads\/2016\/08\/Abriss2-300x169.jpg\" alt=\"Abriss2\" width=\"300\" height=\"169\" srcset=\"https:\/\/www.gemeinde-gottes-kirchberg.de\/wp-content\/uploads\/2016\/08\/Abriss2-300x169.jpg 300w, https:\/\/www.gemeinde-gottes-kirchberg.de\/wp-content\/uploads\/2016\/08\/Abriss2-768x432.jpg 768w, https:\/\/www.gemeinde-gottes-kirchberg.de\/wp-content\/uploads\/2016\/08\/Abriss2-624x351.jpg 624w, https:\/\/www.gemeinde-gottes-kirchberg.de\/wp-content\/uploads\/2016\/08\/Abriss2.jpg 900w\" sizes=\"auto, (max-width: 300px) 100vw, 300px\" \/><\/a>Der Abriss des alten Daches war innerhalb k\u00fcrzester Zeit erledigt. Stellenweise lie\u00dfen sich die Balken von Hand zerbrechen \u2013 so morsch war die Substanz. Erst jetzt konnten wir das Ausma\u00df der Sch\u00e4digung sehen und mussten noch einiges an Baumaterial und Holz organisieren, da von der alten Dachkonstruktion so gut wie gar nichts weiterverwendet werden konnte.<\/p>\n<p style=\"text-align: justify;\">Mit der unverzichtbaren Hilfe der Br\u00fcder vor Ort, konnte das fehlende Material rechtzeitig organisiert werden. Das neue Dach wurde am Boden vorbereitet und anschlie\u00dfend auf das Haus aufgesetzt.<\/p>\n<p style=\"text-align: justify;\">Gottes wunderbare F\u00fchrung und die eindeutige Erh\u00f6rung unserer Gebete durften wir besonders mit dem Wetter erfahren. Am ersten Tag, als das Dach noch v\u00f6llig offen stand, hielt das Wetter &#8211; trotz Bew\u00f6lkung fiel kein Tropfen Regen.<\/p>\n<p style=\"text-align: justify;\"><a href=\"http:\/\/www.gemeinde-gottes-kirchberg.de\/wp-content\/uploads\/2016\/08\/wolken.jpg\" rel=\"lightbox[1205]\"><img loading=\"lazy\" decoding=\"async\" class=\"alignleft wp-image-1213 size-medium\" src=\"http:\/\/www.gemeinde-gottes-kirchberg.de\/wp-content\/uploads\/2016\/08\/wolken-300x225.jpg\" alt=\"wolken\" width=\"300\" height=\"225\"><\/a><a href=\"http:\/\/www.gemeinde-gottes-kirchberg.de\/wp-content\/uploads\/2016\/08\/regen.jpg\" rel=\"lightbox[1205]\"><img loading=\"lazy\" decoding=\"async\" class=\"alignleft size-medium wp-image-1214\" src=\"http:\/\/www.gemeinde-gottes-kirchberg.de\/wp-content\/uploads\/2016\/08\/regen-300x169.jpg\" alt=\"regen\" width=\"300\" height=\"169\" srcset=\"https:\/\/www.gemeinde-gottes-kirchberg.de\/wp-content\/uploads\/2016\/08\/regen-300x169.jpg 300w, https:\/\/www.gemeinde-gottes-kirchberg.de\/wp-content\/uploads\/2016\/08\/regen-768x432.jpg 768w, https:\/\/www.gemeinde-gottes-kirchberg.de\/wp-content\/uploads\/2016\/08\/regen-624x351.jpg 624w, https:\/\/www.gemeinde-gottes-kirchberg.de\/wp-content\/uploads\/2016\/08\/regen.jpg 900w\" sizes=\"auto, (max-width: 300px) 100vw, 300px\" \/><\/a>Am zweiten Tag zogen aber schwarze Wolken auf und wir flehten zu Gott und ermutigten uns gleichzeitig zum Glauben an das Gelingen, selbst wenn auch die ersten Tropfen fielen. Wir wussten, dass selbst ein kurzer Regenschauer eine Katastrophe f\u00fcr das ohnehin schon marode Haus bedeuten w\u00fcrde.<\/p>\n<p style=\"text-align: justify;\">Und Gott bewies seine Macht \u00fcber die Sch\u00f6pfung, so dass wir vor dem Regenguss, der am Abend eintraf, gerade noch alles abdecken konnten und selbst v\u00f6llig durchn\u00e4sst \u2013 das Haus jedoch trocken geblieben ist.Geschwister, die in der Gegend unterwegs waren, berichteten von starken Schauern, \u00fcber uns aber wurden die Wolken verschlossen \u2013 dem Herrn sei die Ehre daf\u00fcr! Auch in den folgenden Tagen durften wir \u00e4hnliche Wunder erleben.<\/p>\n<p style=\"text-align: justify;\"><a href=\"http:\/\/www.gemeinde-gottes-kirchberg.de\/wp-content\/uploads\/2016\/08\/kinder.jpg\" rel=\"lightbox[1205]\"><img loading=\"lazy\" decoding=\"async\" class=\"alignleft wp-image-1217\" src=\"http:\/\/www.gemeinde-gottes-kirchberg.de\/wp-content\/uploads\/2016\/08\/kinder-300x225.jpg\" alt=\"kinder\" width=\"240\" height=\"180\"><\/a>Besonders in Erinnerung sind uns die Kinder vom Ort geblieben. Sie waren die ersten, die uns neugierig Fragen stellten und sp\u00e4ter t\u00e4glich besuchten und auch eifrig mithelfen wollten. Das Bisschen Aufmerksamkeit und Zuwendung, die wir den Kindern schenken konnten, reichte schon aus, um einen bleibenden Eindruck zu hinterlassen. Ein Junge musste beim Abschied sogar mit den Tr\u00e4nen k\u00e4mpfen.<\/p>\n<p style=\"text-align: justify;\">Wir sind Gott dankbar, dass wir diese M\u00f6glichkeit bekamen, um das Leben mal von einer anderen Perspektive zu sehen. Wir durften neu begreifen, in welchem \u00dcberfluss wir leben und wie wenig Dankbarkeit wir daf\u00fcr \u00fcbrig haben.<\/p>\n<p style=\"text-align: justify;\"><a href=\"http:\/\/www.gemeinde-gottes-kirchberg.de\/wp-content\/uploads\/2016\/08\/abschied.jpg\" rel=\"lightbox[1205]\"><img loading=\"lazy\" decoding=\"async\" class=\"alignleft size-medium wp-image-1218\" src=\"http:\/\/www.gemeinde-gottes-kirchberg.de\/wp-content\/uploads\/2016\/08\/abschied-300x169.jpg\" alt=\"abschied\" width=\"300\" height=\"169\"><\/a>Und letztendlich durften wir erfahren, dass die Freude, die man anderen Menschen bereitet, auf uns selbst \u00fcbertragen wird. Nicht die Tatsache, was wir getan haben, sondern in wessen Namen es getan wurde, n\u00e4mlich im Namen Jesus Christus, l\u00e4sst diese Mission erw\u00e4hnenswert werden. Ihm sei die Ehre daf\u00fcr!<\/p>\n","protected":false},"excerpt":{"rendered":"<p>Bei einem Vortrag \u00fcber Glaubensgeschwister in der Ukraine, wurde unter anderem auch \u00fcber eine \u00e4ltere Frau aus der Ortsgemeinde Krasne berichtet, die in sehr \u00e4rmlichen Verh\u00e4ltnissen lebt. Das Dach w\u00e4re wohl undicht, das Haus marode und es fehle an jeglichen Mitteln, es auszubessern. Gott legte es Br\u00fcdern aus unserer Gemeinde aufs Herz, dieser Frau zu [&hellip;]<\/p>\n","protected":false},"author":11,"featured_media":1207,"comment_status":"closed","ping_status":"open","sticky":false,"template":"","format":"standard","meta":{"_uag_custom_page_level_css":"","ngg_post_thumbnail":0,"footnotes":""},"categories":[7],"tags":[],"class_list":["post-1205","post","type-post","status-publish","format-standard","has-post-thumbnail","hentry","category-gemeinde"],"uagb_featured_image_src":{"full":["https:\/\/www.gemeinde-gottes-kirchberg.de\/wp-content\/uploads\/2016\/08\/bus.jpg",900,506,false],"thumbnail":["https:\/\/www.gemeinde-gottes-kirchberg.de\/wp-content\/uploads\/2016\/08\/bus-150x150.jpg",150,150,true],"medium":["https:\/\/www.gemeinde-gottes-kirchberg.de\/wp-content\/uploads\/2016\/08\/bus-300x169.jpg",300,169,true],"medium_large":["https:\/\/www.gemeinde-gottes-kirchberg.de\/wp-content\/uploads\/2016\/08\/bus-768x432.jpg",768,432,true],"large":["https:\/\/www.gemeinde-gottes-kirchberg.de\/wp-content\/uploads\/2016\/08\/bus.jpg",900,506,false],"1536x1536":["https:\/\/www.gemeinde-gottes-kirchberg.de\/wp-content\/uploads\/2016\/08\/bus.jpg",900,506,false],"2048x2048":["https:\/\/www.gemeinde-gottes-kirchberg.de\/wp-content\/uploads\/2016\/08\/bus.jpg",900,506,false]},"uagb_author_info":{"display_name":"daa","author_link":"https:\/\/www.gemeinde-gottes-kirchberg.de\/?author=11"},"uagb_comment_info":0,"uagb_excerpt":"Bei einem Vortrag \u00fcber Glaubensgeschwister in der Ukraine, wurde unter anderem auch \u00fcber eine \u00e4ltere Frau aus der Ortsgemeinde Krasne berichtet, die in sehr \u00e4rmlichen Verh\u00e4ltnissen lebt. Das Dach w\u00e4re wohl undicht, das Haus marode und es fehle an jeglichen Mitteln, es auszubessern. Gott legte es Br\u00fcdern aus unserer Gemeinde aufs Herz, dieser Frau zu&hellip;","_links":{"self":[{"href":"https:\/\/www.gemeinde-gottes-kirchberg.de\/index.php?rest_route=\/wp\/v2\/posts\/1205","targetHints":{"allow":["GET"]}}],"collection":[{"href":"https:\/\/www.gemeinde-gottes-kirchberg.de\/index.php?rest_route=\/wp\/v2\/posts"}],"about":[{"href":"https:\/\/www.gemeinde-gottes-kirchberg.de\/index.php?rest_route=\/wp\/v2\/types\/post"}],"author":[{"embeddable":true,"href":"https:\/\/www.gemeinde-gottes-kirchberg.de\/index.php?rest_route=\/wp\/v2\/users\/11"}],"replies":[{"embeddable":true,"href":"https:\/\/www.gemeinde-gottes-kirchberg.de\/index.php?rest_route=%2Fwp%2Fv2%2Fcomments&post=1205"}],"version-history":[{"count":11,"href":"https:\/\/www.gemeinde-gottes-kirchberg.de\/index.php?rest_route=\/wp\/v2\/posts\/1205\/revisions"}],"predecessor-version":[{"id":3016,"href":"https:\/\/www.gemeinde-gottes-kirchberg.de\/index.php?rest_route=\/wp\/v2\/posts\/1205\/revisions\/3016"}],"wp:featuredmedia":[{"embeddable":true,"href":"https:\/\/www.gemeinde-gottes-kirchberg.de\/index.php?rest_route=\/wp\/v2\/media\/1207"}],"wp:attachment":[{"href":"https:\/\/www.gemeinde-gottes-kirchberg.de\/index.php?rest_route=%2Fwp%2Fv2%2Fmedia&parent=1205"}],"wp:term":[{"taxonomy":"category","embeddable":true,"href":"https:\/\/www.gemeinde-gottes-kirchberg.de\/index.php?rest_route=%2Fwp%2Fv2%2Fcategories&post=1205"},{"taxonomy":"post_tag","embeddable":true,"href":"https:\/\/www.gemeinde-gottes-kirchberg.de\/index.php?rest_route=%2Fwp%2Fv2%2Ftags&post=1205"}],"curies":[{"name":"wp","href":"https:\/\/api.w.org\/{rel}","templated":true}]}}