{"id":127,"date":"2011-12-30T20:50:19","date_gmt":"2011-12-30T20:50:19","guid":{"rendered":"http:\/\/www.gemeinde-gottes-kirchberg.de\/?p=127"},"modified":"2021-12-31T16:07:11","modified_gmt":"2021-12-31T15:07:11","slug":"weihnachtserinnerungen","status":"publish","type":"post","link":"https:\/\/www.gemeinde-gottes-kirchberg.de\/?p=127","title":{"rendered":"Weihnachtserinnerungen"},"content":{"rendered":"<p>An die Zeit meiner fr\u00fchen Kindheit kann ich mich nur verschwommen erinnern und besonders von den ersten Lebensjahren sind mir nur besondere Momente oder einzelne Bilder im Ged\u00e4chtnis geblieben. Ich kann mich gut erinnern, dass mein Bruder und ich versucht haben, die Weihnachtsgeschenke im Voraus auszuspionieren oder wie wir uns kurz vor Heilig Abend unauff\u00e4llig um die geschlossene Wohnzimmert\u00fcr herumdr\u00fcckten, um einen Blick auf den geschm\u00fcckten Tannenbaum und die P\u00e4ckchen unterm Baum zu erhaschen. Auch an \u00c4pfel und Orangen kann ich mich erinnern \u2013 das war mitten im Winter eine Seltenheit und machte f\u00fcr uns die Weihnachtszeit so besonders. Wir Kinder lernten Gedichte und Verse f\u00fcr den Weihnachtsgottesdienst auswendig, und ich kann mich immer an eine frohe und freudige Stimmung erinnern.<br \/>\n<!--more--><br \/>\nNeulich habe ich ein Interview eines prominenten Schauspielers gelesen, worin er seine Einstellung zum Weihnachtsfest erkl\u00e4rte, indem er sagte: \u201eWeihnachten ist f\u00fcr mich bedeutungslos. Urlaub, freie Tage, am besten irgendwo in einer sch\u00f6nen Ski-Region und abends ein Glas Whisky in der einen Hand und in der anderen ein gutes Buch. So sieht mein Weihnachten aus! Denn meine Kindheitserinnerungen sind bitter, weil bei uns zu Weihnachten die ganze Familie versammelt war und es immer viel Streit, \u00c4rger und Stress gab.\u201c<\/p>\n<p>Ganz gleich, ob wir uns wehm\u00fctig an besinnliche und sch\u00f6ne Weihnachtsfeste erinnern, oder ob uns Weihnachten gleichg\u00fcltig ist, oder wir das Weihnachtsfest f\u00fcrchten, weil es b\u00f6se Erinnerungen wachruft \u2013 denn das ist Weihnachten, wie es von Menschen beeinflusst, bestimmt und gemacht wird. Aber was ist wirklich Weihnachten?<\/p>\n<p>Wenn ich meinen Kindern die Frage stelle: \u201eWer hat zu Weihnachten Geburtstag?\u201c, dann r\u00e4tselt meine 2-j\u00e4hrige Tochter zur allgemeinen Erheiterung herum. Aber mein Sohn ruft wie aus der Pistole geschossen: \u201eJesus!\u201c Ja \u2013 Weihnachten hei\u00dft: Wir feiern den Geburtstag von Jesus Christus, Gottes einzigen Sohn! Wir freuen uns, dass Gott durch Jesus Mensch wurde und wir durch diese einzigartige Geburt Friede und Freude erfahren d\u00fcrfen. Was macht diese Geburt so besonders \u2013 abgesehen davon, dass es Gottes Sohn ist, der geboren wurde? Wenn wir die Geburt Christi feiern, dann haben wir im Hinterkopf schon das Wissen, dass dieses Kind sp\u00e4ter f\u00fcr alle Menschen am Kreuz gestorben ist, um uns mit Gott zu vers\u00f6hnen. Wer an Jesus Christus glaubt, ihn um Vergebung seiner Schuld bittet und mit ihm lebt, der darf sich auf ein Leben im Himmel freuen. Deshalb erinnern wir uns ganz besonders zur Weihnachtszeit an das Geschenk Gottes: die Vergebung, den Frieden und das Gl\u00fcck, das er uns durch seinen Sohn geschenkt hat.<\/p>\n<p>Damit meine Kinder nicht nur an Geschenke und \u00e4u\u00dferlichen Weihnachtsschmuck denken, versuchen wir sie in der Adventszeit durch Singen der Weihnachtslieder und das Erz\u00e4hlen der Weihnachtsgeschichte aus der Bibel, daran zu erinnern, was wahre Weihnachten bedeutet. Denn der \u00e4u\u00dferliche Glanz und Kerzenschein sind nach Weihnachten abger\u00e4umt, die Pl\u00e4tzchen aufgegessen und die Geschenke beiseite gelegt. Was bleibt, wenn die G\u00e4ste fortgehen, wenn es still wird im Haus? Habe ich dann die Ruhe und Gewissheit im Herzen, dass ich mit Gott vers\u00f6hnt bin? Kann ich froh und zuversichtlich das neue Jahr empfangen, geborgen im Wissen um Gottes Schutz und Segen? Wenn ja, dann geh\u00f6ren wir zu den wenigen Gl\u00fccklichen, f\u00fcr die jeder Tag Weihnachten ist. Und wenn nicht? Dann ergreife jetzt sofort die Gelegenheit, schlie\u00dfe die Augen und wende dich zu Gott in einfachen und pers\u00f6nlichen Worten und bete zu ihm. Erz\u00e4hle im deine Last, deine Probleme und stelle ihm die Fragen, die dir auf dem Herzen liegen. Du kannst um alles um Vergebung bitten und du kannst dir sicher sein, dass er niemand abweisen wird. Er hat zu jeder Zeit ein offenes Ohr, weil du ihm unendlich wertvoll bist. Weihnachten hei\u00dft: Gott liebt dich!<\/p>\n<p>In der Bibel steht in Johannes 3, 16:<br \/>\n\u201cDenn also hat Gott die Welt geliebt, dass er seinen eingeborenen Sohn gab, damit alle, die an ihn glauben, nicht verloren gehen, sondern das ewige Leben haben.\u201c<\/p>\n<p>Und das ist das Gro\u00dfartige an der Weihnachtsbotschaft: Diese Liebe gilt nicht nur einer besonderen Gruppe, einem besonderen Volk, sondern durch Weihnachten gilt sie der ganzen Welt; d.h. die Liebe Gottes privilegiert niemanden und sie st\u00f6\u00dft auch niemanden zur\u00fcck. Welch eine frohe, froh machende Botschaft!<\/p>\n","protected":false},"excerpt":{"rendered":"<p>An die Zeit meiner fr\u00fchen Kindheit kann ich mich nur verschwommen erinnern und besonders von den ersten Lebensjahren sind mir nur besondere Momente oder einzelne Bilder im Ged\u00e4chtnis geblieben. Ich kann mich gut erinnern, dass mein Bruder und ich versucht haben, die Weihnachtsgeschenke im Voraus auszuspionieren oder wie wir uns kurz vor Heilig Abend unauff\u00e4llig [&hellip;]<\/p>\n","protected":false},"author":1,"featured_media":3226,"comment_status":"closed","ping_status":"open","sticky":false,"template":"","format":"standard","meta":{"_uag_custom_page_level_css":"","ngg_post_thumbnail":0,"footnotes":""},"categories":[5],"tags":[71,51,40,50,66],"class_list":["post-127","post","type-post","status-publish","format-standard","has-post-thumbnail","hentry","category-lesenswertes","tag-geschenk","tag-gottes-sohn","tag-jesus","tag-retter-der-welt","tag-weihnachten"],"uagb_featured_image_src":{"full":["https:\/\/www.gemeinde-gottes-kirchberg.de\/wp-content\/uploads\/2011\/12\/gifts-gdabc36680_1280.jpg",1280,853,false],"thumbnail":["https:\/\/www.gemeinde-gottes-kirchberg.de\/wp-content\/uploads\/2011\/12\/gifts-gdabc36680_1280-150x150.jpg",150,150,true],"medium":["https:\/\/www.gemeinde-gottes-kirchberg.de\/wp-content\/uploads\/2011\/12\/gifts-gdabc36680_1280-300x200.jpg",300,200,true],"medium_large":["https:\/\/www.gemeinde-gottes-kirchberg.de\/wp-content\/uploads\/2011\/12\/gifts-gdabc36680_1280-768x512.jpg",768,512,true],"large":["https:\/\/www.gemeinde-gottes-kirchberg.de\/wp-content\/uploads\/2011\/12\/gifts-gdabc36680_1280-1024x682.jpg",1024,682,true],"1536x1536":["https:\/\/www.gemeinde-gottes-kirchberg.de\/wp-content\/uploads\/2011\/12\/gifts-gdabc36680_1280.jpg",1280,853,false],"2048x2048":["https:\/\/www.gemeinde-gottes-kirchberg.de\/wp-content\/uploads\/2011\/12\/gifts-gdabc36680_1280.jpg",1280,853,false]},"uagb_author_info":{"display_name":"fa","author_link":"https:\/\/www.gemeinde-gottes-kirchberg.de\/?author=1"},"uagb_comment_info":0,"uagb_excerpt":"An die Zeit meiner fr\u00fchen Kindheit kann ich mich nur verschwommen erinnern und besonders von den ersten Lebensjahren sind mir nur besondere Momente oder einzelne Bilder im Ged\u00e4chtnis geblieben. Ich kann mich gut erinnern, dass mein Bruder und ich versucht haben, die Weihnachtsgeschenke im Voraus auszuspionieren oder wie wir uns kurz vor Heilig Abend unauff\u00e4llig&hellip;","_links":{"self":[{"href":"https:\/\/www.gemeinde-gottes-kirchberg.de\/index.php?rest_route=\/wp\/v2\/posts\/127","targetHints":{"allow":["GET"]}}],"collection":[{"href":"https:\/\/www.gemeinde-gottes-kirchberg.de\/index.php?rest_route=\/wp\/v2\/posts"}],"about":[{"href":"https:\/\/www.gemeinde-gottes-kirchberg.de\/index.php?rest_route=\/wp\/v2\/types\/post"}],"author":[{"embeddable":true,"href":"https:\/\/www.gemeinde-gottes-kirchberg.de\/index.php?rest_route=\/wp\/v2\/users\/1"}],"replies":[{"embeddable":true,"href":"https:\/\/www.gemeinde-gottes-kirchberg.de\/index.php?rest_route=%2Fwp%2Fv2%2Fcomments&post=127"}],"version-history":[{"count":1,"href":"https:\/\/www.gemeinde-gottes-kirchberg.de\/index.php?rest_route=\/wp\/v2\/posts\/127\/revisions"}],"predecessor-version":[{"id":128,"href":"https:\/\/www.gemeinde-gottes-kirchberg.de\/index.php?rest_route=\/wp\/v2\/posts\/127\/revisions\/128"}],"wp:featuredmedia":[{"embeddable":true,"href":"https:\/\/www.gemeinde-gottes-kirchberg.de\/index.php?rest_route=\/wp\/v2\/media\/3226"}],"wp:attachment":[{"href":"https:\/\/www.gemeinde-gottes-kirchberg.de\/index.php?rest_route=%2Fwp%2Fv2%2Fmedia&parent=127"}],"wp:term":[{"taxonomy":"category","embeddable":true,"href":"https:\/\/www.gemeinde-gottes-kirchberg.de\/index.php?rest_route=%2Fwp%2Fv2%2Fcategories&post=127"},{"taxonomy":"post_tag","embeddable":true,"href":"https:\/\/www.gemeinde-gottes-kirchberg.de\/index.php?rest_route=%2Fwp%2Fv2%2Ftags&post=127"}],"curies":[{"name":"wp","href":"https:\/\/api.w.org\/{rel}","templated":true}]}}