{"id":1350,"date":"2016-12-03T14:44:16","date_gmt":"2016-12-03T13:44:16","guid":{"rendered":"http:\/\/www.gemeinde-gottes-kirchberg.de\/?p=1350"},"modified":"2021-12-28T20:51:21","modified_gmt":"2021-12-28T19:51:21","slug":"was-feiern-wir-eigentlich-an-weihnachten","status":"publish","type":"post","link":"https:\/\/www.gemeinde-gottes-kirchberg.de\/?p=1350","title":{"rendered":"Was feiern wir eigentlich an Weihnachten?"},"content":{"rendered":"<p style=\"text-align: justify;\"><a href=\"http:\/\/www.gemeinde-gottes-kirchberg.de\/wp-content\/uploads\/2016\/12\/winter-1792120_640.jpg\" rel=\"lightbox[1350]\"><img loading=\"lazy\" decoding=\"async\" class=\"alignleft wp-image-1352\" src=\"http:\/\/www.gemeinde-gottes-kirchberg.de\/wp-content\/uploads\/2016\/12\/winter-1792120_640.jpg\" alt=\"winter-1792120_640\" width=\"400\" height=\"300\" srcset=\"https:\/\/www.gemeinde-gottes-kirchberg.de\/wp-content\/uploads\/2016\/12\/winter-1792120_640.jpg 640w, https:\/\/www.gemeinde-gottes-kirchberg.de\/wp-content\/uploads\/2016\/12\/winter-1792120_640-300x225.jpg 300w, https:\/\/www.gemeinde-gottes-kirchberg.de\/wp-content\/uploads\/2016\/12\/winter-1792120_640-624x468.jpg 624w\" sizes=\"auto, (max-width: 400px) 100vw, 400px\" \/><\/a><strong>Weihnachtsmarkt, Spekulatius, Gl\u00fchwein, Adventskranz, Vor-Weihnachtsstress, Weihnachtsgeld Weihnachtsshopping, , Weihnachtsgans, Bescherung\u2026<\/strong><\/p>\n<p style=\"text-align: justify;\">\u2026 Schlagworte, mit denen wir die heutige Advents- und Weihnachtszeit grob umschreiben k\u00f6nnten.<\/p>\n<p style=\"text-align: justify;\">Kurz nach dem Sommer erscheinen die ersten Schoko Weihnachtsm\u00e4nner im Supermarktregal. Und so rollt j\u00e4hrlich &#8211; langsam, aber unumg\u00e4nglich die Welle der Weihnachtsereignisse auf uns zu, die dann ihren H\u00f6hepunkt an Heilig Abend erreichen. Das ganze Geschehen ist so selbstverst\u00e4ndlich geworden, dass wir uns scheinbar gar nicht dagegen wehren k\u00f6nnen&#8230;<!--more--><\/p>\n<h3 style=\"text-align: justify;\">Aber fehlt da nicht etwas?<\/h3>\n<h3 style=\"text-align: justify;\">Ist das nur eine sch\u00f6ne Tradition?<\/h3>\n<h3 style=\"text-align: justify;\">Was feiern wir denn eigentlich an Weihnachten \u2013 etwa uns selbst und unseren Konsum\u00fcberschuss???<\/h3>\n<p style=\"text-align: justify;\"><a href=\"http:\/\/www.gemeinde-gottes-kirchberg.de\/wp-content\/uploads\/2016\/04\/jesus-8283_640.jpg\" rel=\"lightbox[1350]\"><img loading=\"lazy\" decoding=\"async\" class=\"alignleft size-medium wp-image-1123\" src=\"http:\/\/www.gemeinde-gottes-kirchberg.de\/wp-content\/uploads\/2016\/04\/jesus-8283_640-300x200.jpg\" alt=\"jesus-8283_640\" width=\"300\" height=\"200\" srcset=\"https:\/\/www.gemeinde-gottes-kirchberg.de\/wp-content\/uploads\/2016\/04\/jesus-8283_640-300x200.jpg 300w, https:\/\/www.gemeinde-gottes-kirchberg.de\/wp-content\/uploads\/2016\/04\/jesus-8283_640-624x415.jpg 624w, https:\/\/www.gemeinde-gottes-kirchberg.de\/wp-content\/uploads\/2016\/04\/jesus-8283_640.jpg 640w\" sizes=\"auto, (max-width: 300px) 100vw, 300px\" \/><\/a>Unbedeutend und von der breiten Masse unbeachtet, kam Weihnachten vor mehr als 2000 Jahren in diese Welt. GOTT machte sein Versprechen, den Retter der Welt zu senden endlich wahr. <em>\u201eDas wahre Licht, welches jeden Menschen erleuchtet, sollte in die Welt kommen\u201c (Joh. 1; 9)<\/em>.<\/p>\n<p style=\"text-align: justify;\">Viele Propheten sagten einen Erl\u00f6ser schon seit langem voraus, sahen aber in ihren Visionen nur einen Teil des Puzzles. Und so wartete das Volk Israel sehns\u00fcchtig auf den Retter &#8211; einen K\u00f6nig, der sie von allen ihren Problemen befreien sollte.<\/p>\n<p style=\"text-align: justify;\">Und Gott \u00fcbertraf die Vorstellungen der Menschen \u2013 er sandte n\u00e4mlich einen Teil von sich selbst auf diese Welt. <em>\u201e Und das Wort wurde Fleisch und wohnte unter uns; wir sahen seine Herrlichkeit als des Eingeborenen vom Vater, voller Gnade und Wahrheit\u201c <\/em>(Joh. 1;14). Das Wort oder die sch\u00f6pferische Gewalt Gottes, welches alles was wir sehen und kennen zu Beginn erschuf, wurde nun als Mensch Jesus Christus geboren. (Joh. 1;1-3). <strong>Gottes Sohn<\/strong> (Jesus hatte keinen menschlichen Vater) <strong>war die L\u00f6sung<\/strong> \u2013 er durchlebte und vollendete den Weg, auf dem wir alle errettet werden k\u00f6nnen!<\/p>\n<h3 style=\"text-align: justify;\">Doch wie war die Reaktion auf den Retter?<\/h3>\n<p style=\"text-align: justify;\"><em>\u201eEr kam in sein Eigentum, und die seinen nahmen ihn nicht auf\u201c <\/em>(Joh. 1;11). Der Retter der Welt kam in einem Stall zur Welt. Die Geburt des K\u00f6nigs wurde von Hirten auf dem Felde angek\u00fcndigt. Das war schon damals f\u00fcr die meisten viel zu unspektakul\u00e4r. Trotz nie gesehener Wunder, fehlte vielen Menschen die Sensation und das aufbegehrende Auftreten eines politischen Anf\u00fchrers.<\/p>\n<p style=\"text-align: justify;\"><em>\u201e\u2026 Er hatte keine Gestalt und keine Pracht; wir sahen ihn, aber sein Anblick gefiel uns nicht. Verachtet war er und verlassen von den Menschen, ein Mann der Schmerzen und mit Leiden vertraut; wie einer, vor dem man das Angesicht verbirgt, so verachtet war er, und wir achteten ihn nicht <\/em>(Jes. 53; 2-3).<\/p>\n<h3 style=\"text-align: justify;\">Was war denn nun die Mission des Retters?<\/h3>\n<p style=\"text-align: justify;\"><em>\u201eAlle aber, die ihn aufnahmen, denen gab er das Anrecht, Kinder Gottes zu werden, denen, die an seinen Namen glauben\u2026\u201c <\/em>(Joh. 1;12). Gott wollte die Menschen, die durch die S\u00fcnde zu ihm eine un\u00fcberwindbare Barriere aufgebaut hatten, wieder zu sich ziehen. Der Mensch wurde urspr\u00fcnglich f\u00fcr eine Beziehung mit Gott geschaffen und Jesus Christus war der einzige Schl\u00fcssel, um dieses zerst\u00f6rte Verh\u00e4ltnis wieder zu reparieren.<\/p>\n<p style=\"text-align: justify;\">Heutzutage feiern Millionen von Menschen Weihnachten. Doch den eigentlichen Grund, den es zu feiern gilt, \u00fcbersehen viele. Rettung ben\u00f6tigen die Menschen des 21. Jahrhunderts genauso wie zu damaligen Zeiten. Das Geheimnis, nach dessen Aufl\u00f6sung sich die Propheten sehnten, ist heute aufgel\u00f6st und in einem Buch \u2013 der Bibel niedergeschrieben.<\/p>\n<p style=\"text-align: justify;\">Doch leider scheint die Rettung zu unspektakul\u00e4r, zu einfach, nicht modern und letztendlich zu unbequem zu sein. F\u00fcr Jesus, die personifizierte Erl\u00f6sung unserer eigentlichen Probleme, bleibt wie damals kein Raum. Die Menschen feiern sich selbst und gehen an diesem Kind in der Krippe vorbei. Sie verpassen das bedeutendste und lebensver\u00e4ndernde Angebot: das Anrecht, ein Kind Gottes zu werden.<\/p>\n<h3 style=\"text-align: justify;\">Hast Du, lieber Leser, Dir schon Mal ernsthaft Gedanken gemacht, was Du eigentlich an Weihnachten feierst?<\/h3>\n","protected":false},"excerpt":{"rendered":"<p>Weihnachtsmarkt, Spekulatius, Gl\u00fchwein, Adventskranz, Vor-Weihnachtsstress, Weihnachtsgeld Weihnachtsshopping, , Weihnachtsgans, Bescherung\u2026 \u2026 Schlagworte, mit denen wir die heutige Advents- und Weihnachtszeit grob umschreiben k\u00f6nnten. Kurz nach dem Sommer erscheinen die ersten Schoko Weihnachtsm\u00e4nner im Supermarktregal. Und so rollt j\u00e4hrlich &#8211; langsam, aber unumg\u00e4nglich die Welle der Weihnachtsereignisse auf uns zu, die dann ihren H\u00f6hepunkt an Heilig [&hellip;]<\/p>\n","protected":false},"author":11,"featured_media":1352,"comment_status":"closed","ping_status":"open","sticky":false,"template":"","format":"standard","meta":{"_uag_custom_page_level_css":"","ngg_post_thumbnail":0,"footnotes":""},"categories":[180],"tags":[44,49,51,40,61,65,57,50,56,54,59],"class_list":["post-1350","post","type-post","status-publish","format-standard","has-post-thumbnail","hentry","category-themenreihe-gott-kennenlernen","tag-gnade","tag-gott-suchen","tag-gottes-sohn","tag-jesus","tag-jesus-der-weg","tag-liebe","tag-neues-leben","tag-retter-der-welt","tag-suende","tag-verheissung","tag-weg"],"uagb_featured_image_src":{"full":["https:\/\/www.gemeinde-gottes-kirchberg.de\/wp-content\/uploads\/2016\/12\/winter-1792120_640.jpg",640,480,false],"thumbnail":["https:\/\/www.gemeinde-gottes-kirchberg.de\/wp-content\/uploads\/2016\/12\/winter-1792120_640-150x150.jpg",150,150,true],"medium":["https:\/\/www.gemeinde-gottes-kirchberg.de\/wp-content\/uploads\/2016\/12\/winter-1792120_640-300x225.jpg",300,225,true],"medium_large":["https:\/\/www.gemeinde-gottes-kirchberg.de\/wp-content\/uploads\/2016\/12\/winter-1792120_640.jpg",640,480,false],"large":["https:\/\/www.gemeinde-gottes-kirchberg.de\/wp-content\/uploads\/2016\/12\/winter-1792120_640.jpg",640,480,false],"1536x1536":["https:\/\/www.gemeinde-gottes-kirchberg.de\/wp-content\/uploads\/2016\/12\/winter-1792120_640.jpg",640,480,false],"2048x2048":["https:\/\/www.gemeinde-gottes-kirchberg.de\/wp-content\/uploads\/2016\/12\/winter-1792120_640.jpg",640,480,false]},"uagb_author_info":{"display_name":"daa","author_link":"https:\/\/www.gemeinde-gottes-kirchberg.de\/?author=11"},"uagb_comment_info":0,"uagb_excerpt":"Weihnachtsmarkt, Spekulatius, Gl\u00fchwein, Adventskranz, Vor-Weihnachtsstress, Weihnachtsgeld Weihnachtsshopping, , Weihnachtsgans, Bescherung\u2026 \u2026 Schlagworte, mit denen wir die heutige Advents- und Weihnachtszeit grob umschreiben k\u00f6nnten. Kurz nach dem Sommer erscheinen die ersten Schoko Weihnachtsm\u00e4nner im Supermarktregal. Und so rollt j\u00e4hrlich &#8211; langsam, aber unumg\u00e4nglich die Welle der Weihnachtsereignisse auf uns zu, die dann ihren H\u00f6hepunkt an Heilig&hellip;","_links":{"self":[{"href":"https:\/\/www.gemeinde-gottes-kirchberg.de\/index.php?rest_route=\/wp\/v2\/posts\/1350","targetHints":{"allow":["GET"]}}],"collection":[{"href":"https:\/\/www.gemeinde-gottes-kirchberg.de\/index.php?rest_route=\/wp\/v2\/posts"}],"about":[{"href":"https:\/\/www.gemeinde-gottes-kirchberg.de\/index.php?rest_route=\/wp\/v2\/types\/post"}],"author":[{"embeddable":true,"href":"https:\/\/www.gemeinde-gottes-kirchberg.de\/index.php?rest_route=\/wp\/v2\/users\/11"}],"replies":[{"embeddable":true,"href":"https:\/\/www.gemeinde-gottes-kirchberg.de\/index.php?rest_route=%2Fwp%2Fv2%2Fcomments&post=1350"}],"version-history":[{"count":11,"href":"https:\/\/www.gemeinde-gottes-kirchberg.de\/index.php?rest_route=\/wp\/v2\/posts\/1350\/revisions"}],"predecessor-version":[{"id":1379,"href":"https:\/\/www.gemeinde-gottes-kirchberg.de\/index.php?rest_route=\/wp\/v2\/posts\/1350\/revisions\/1379"}],"wp:featuredmedia":[{"embeddable":true,"href":"https:\/\/www.gemeinde-gottes-kirchberg.de\/index.php?rest_route=\/wp\/v2\/media\/1352"}],"wp:attachment":[{"href":"https:\/\/www.gemeinde-gottes-kirchberg.de\/index.php?rest_route=%2Fwp%2Fv2%2Fmedia&parent=1350"}],"wp:term":[{"taxonomy":"category","embeddable":true,"href":"https:\/\/www.gemeinde-gottes-kirchberg.de\/index.php?rest_route=%2Fwp%2Fv2%2Fcategories&post=1350"},{"taxonomy":"post_tag","embeddable":true,"href":"https:\/\/www.gemeinde-gottes-kirchberg.de\/index.php?rest_route=%2Fwp%2Fv2%2Ftags&post=1350"}],"curies":[{"name":"wp","href":"https:\/\/api.w.org\/{rel}","templated":true}]}}