{"id":1832,"date":"2019-04-01T22:19:55","date_gmt":"2019-04-01T20:19:55","guid":{"rendered":"http:\/\/www.gemeinde-gottes-kirchberg.de\/?p=1832"},"modified":"2021-12-28T19:40:58","modified_gmt":"2021-12-28T18:40:58","slug":"rueckblick-auf-das-jugendwochenende-2019","status":"publish","type":"post","link":"https:\/\/www.gemeinde-gottes-kirchberg.de\/?p=1832","title":{"rendered":"R\u00fcckblick auf das Jugendwochenende 2019"},"content":{"rendered":"\n<figure class=\"wp-block-image\"><img loading=\"lazy\" decoding=\"async\" width=\"1024\" height=\"334\" src=\"http:\/\/www.gemeinde-gottes-kirchberg.de\/wp-content\/uploads\/2019\/04\/DSC00870-1024x334.jpg\" alt=\"\" class=\"wp-image-1834\" srcset=\"https:\/\/www.gemeinde-gottes-kirchberg.de\/wp-content\/uploads\/2019\/04\/DSC00870-1024x334.jpg 1024w, https:\/\/www.gemeinde-gottes-kirchberg.de\/wp-content\/uploads\/2019\/04\/DSC00870-300x98.jpg 300w, https:\/\/www.gemeinde-gottes-kirchberg.de\/wp-content\/uploads\/2019\/04\/DSC00870-768x250.jpg 768w, https:\/\/www.gemeinde-gottes-kirchberg.de\/wp-content\/uploads\/2019\/04\/DSC00870-624x203.jpg 624w, https:\/\/www.gemeinde-gottes-kirchberg.de\/wp-content\/uploads\/2019\/04\/DSC00870.jpg 2000w\" sizes=\"auto, (max-width: 1024px) 100vw, 1024px\" \/><figcaption>Gruppenbild Jugendwochenende 2019<\/figcaption><\/figure>\n\n\n\n<p>Das erste Wochenende im M\u00e4rz ist bei uns schon seit Jahren fest\nf\u00fcr das Jugendwochenende vorgemerkt. Wir danken Gott, dass wir auch in diesem\nJahr auf sch\u00f6ne und gesegnete Tage vom 1.\nbis zum 3. M\u00e4rz zur\u00fcckblicken d\u00fcrfen, zu denen bei\nuns wieder viele Jugendliche aus unterschiedlichen\nGemeinden zu Gast waren.<\/p>\n\n\n\n<p>Das Motto dieses Jugendwochenendes stand unter dem Bibelvers aus Prediger 3,11a:<\/p>\n\n\n\n<blockquote class=\"wp-block-quote is-layout-flow wp-block-quote-is-layout-flow\"><p><em>Er hat alles vortrefflich gemacht zu seiner Zeit, auch die Ewigkeit hat er ihnen ins Herz gelegt&#8230;<\/em><\/p><\/blockquote>\n\n\n\n<p>Am Freitagabend begann schlie\u00dflich das Wochenende mit einer Jugendstunde, in der wir uns gefragt haben, <strong>wie viel Zeit wir doch haben und wie wir sie eigentlich nutzen.<\/strong> Wir haben festgestellt, dass gerade in unserer Generation die Medien eine Menge Zeit in Anspruch nehmen. Deshalb wurden wir angespornt, unsere Zeit sinnvoller zu gestalten, denn Gott schenkt uns die Zeit damit wir sie richtig nutzen sollen. Dabei sollte auch der Dienst f\u00fcr Gott eine feste Rolle spielen. Die stille Zeit mit Gott ist wie das \u201eLuftholen\u201c und sollte im Alltag keinesfalls vers\u00e4umt werden. Zeit mit Gott gibt Kraft und deshalb sollen wir dran bleiben und nicht aufgeben!  <\/p>\n\n\n\n<p>Nach\nder Jugendstunde gab es f\u00fcr uns Jugendliche noch die M\u00f6glichkeit, sich bei\neinem Abendessen zu unterhalten und auszutauschen, bevor sich dann alle bei\nihren jeweiligen Gastfamilien einfanden.&nbsp;<\/p>\n\n\n\n<p>Am\nSamstag trafen wir uns um 8:30 Uhr zum gemeinsamen Fr\u00fchst\u00fcck im Gemeindehaus.\nDanach widmeten sich alle Jugendliche wieder dem Hauptthema. In der\nMorgenpredigt ging es um<strong> \u201eDie Grundlagen aller Entscheidungen\u201c<\/strong>. Hierbei\nwurde uns vor Augen gef\u00fchrt, wie wichtig es ist, die Folgen unserer\nEntscheidungen zu ber\u00fccksichtigen. Ein perfektes Beispiel hierf\u00fcr war Mose, der\ndie Reicht\u00fcmer der Welt als nichtig erachtete und stattdessen den unbequemen\nund harten Weg w\u00e4hlte, weil er auf die wahre\nBelohnung sah. Bewundernswert an Mose war, dass er sich\nselbst nicht zu wichtig nahm.<\/p>\n\n\n\n<p>Deshalb ist es auch f\u00fcr uns sehr wichtig, Gott zu fragen und unser Leben nach ihm auszurichten. Dabei sollten wir keine Angst haben, Gott zu vertrauen. Selbst wenn R\u00fcckschl\u00e4ge auftreten, sollen wir nicht entmutigt sein, sondern daraus lernen. Selbst die vielen M\u00e4nner Gottes, wie Josef, Josua, Samuel, David&#8230; &#8211; und selbst Jesus hatten es schwer, aber Gott war trotzdem immer mit ihnen! Deshalb ist es wichtig dass, bevor \u201egro\u00dfe und wichtige\u201c Entscheidungen im Leben getroffen werden, wir die wichtigste schon im Vorfeld getroffen haben, n\u00e4mlich unser Leben Jesus zu \u00fcbergeben! Das ist, was am Ende z\u00e4hlt und uns rettet. Folglich sollten wir darauf achten, keine Entscheidungen zu treffen, die unsere Seele belasten. Allerdings darf diese Tatsache uns keine Angst machen, \u00fcberhaupt etwas zu entscheiden, denn mit Gott geht&#8217;s immer gut! <\/p>\n\n\n\n<p>Nach dem Mittagessen und einer kleinen Pause hatten wir im zweiten Gottesdienst die Gelegenheit, Gott zu loben, indem wir gemeinsam Lieder sangen. Einige von uns trauten sich auch \u00fcber Erlebnisse zu zeugen, die sie im Leben gemacht hatten.<\/p>\n\n\n\n<p>Nach einem gemeinsamen Gruppenfoto und einer kleinen Pause ging es am Nachmittag mit dem Thema <strong>\u201eGott tut alles zu seiner Zeit\u201c <\/strong>weiter. Hier wurde uns unter anderem die Frage gestellt, was wir tun w\u00fcrden, wenn Gott uns mal warten l\u00e4sst. Werden wir dann ungeduldig? Am Beispiel eines Hausbaus wurde uns deutlich gemacht, wie wichtig es ist, dass alles seine Zeit hat, denn wenn wir bei noch nicht fertig hochgezogenen W\u00e4nden schon das Dach drauf setzen, k\u00f6nnen wir in dem Haus nicht mehr gem\u00fctlich wohnen. Es wird zu niedrig sein. Deshalb ist es notwendig, an Gott zu glauben und ihm zu vertrauen, dass alles zur richtigen Zeit geschehen wird. Daf\u00fcr m\u00fcssen wir aber Gott richtig kennen und ihn von ganzem Herzen im Gebet suchen &#8211;  denn dann werden wir ihn auch finden.<\/p>\n\n\n\n<p>Deshalb kenne, vertraue und folge Jesus! <\/p>\n\n\n\n<p>Nach dem Abendessen und einer weiteren kleinen Pause, lie\u00dfen wir den Abend mit einem Reisebericht \u00fcber Bolivien ausklingen. Ein paar Geschwister aus Eppingen besuchten dort die Gemeinden, um als Chorgruppe zu dienen. Sie erz\u00e4hlten von ihren Eindr\u00fccken und brachten sie durch Bilder gut her\u00fcber. <\/p>\n\n\n\n<p>Am Sonntagmorgen kam dann schlie\u00dflich die ganze Ortsgemeinde zu unserem Abschluss-Gottesdienst zusammen. Thema der Predigt war die Frage <strong>\u201eHaben wir die Ewigkeit wirklich verstanden?\u201c<\/strong> Dabei wurde uns deutlich gemacht, wie unendlich und endg\u00fcltig die Ewigkeit ist und wie nah wir vor ihr stehen. Deshalb ist es ganz wichtig, dass wir Jesus immer erwarten, denn so leben wir bewusster. <\/p>\n\n\n\n<p>Auch sollen wir uns Jesus vollst\u00e4ndig hingeben und keine Angst vor der Ewigkeit haben. Deshalb wurden uns auch Auswirkungen \u00fcbermittelt, die eintreten, wenn wir nach diesen Prinzipien leben. Wir werden echte, tiefe Freude im Herrn haben, selbst in schweren Zeiten. Die Liebe zu einander wird ausdauernder und wir geben mehr auf einander Acht. Das l\u00e4sst uns dann auch ernsthafter nach einem Gott geweihtem Leben streben. <\/p>\n\n\n\n<p>Im Anschluss gab es ein letztes gemeinsames Mittagessen, wo man sich noch einmal austauschen konnte. Danach mussten wir uns auch schon von unseren G\u00e4sten verabschieden.  Wir danken Gott f\u00fcr den reichen Segen, den wir an diesem Wochenende erleben durften und freuen uns auch schon aufs n\u00e4chste Jahr!  <\/p>\n","protected":false},"excerpt":{"rendered":"<p>Das erste Wochenende im M\u00e4rz ist bei uns schon seit Jahren fest f\u00fcr das Jugendwochenende vorgemerkt. Wir danken Gott, dass wir auch in diesem Jahr auf sch\u00f6ne und gesegnete Tage vom 1. bis zum 3. M\u00e4rz zur\u00fcckblicken d\u00fcrfen, zu denen bei uns wieder viele Jugendliche aus unterschiedlichen Gemeinden zu Gast waren. Das Motto dieses Jugendwochenendes [&hellip;]<\/p>\n","protected":false},"author":11,"featured_media":1834,"comment_status":"closed","ping_status":"closed","sticky":false,"template":"","format":"standard","meta":{"_uag_custom_page_level_css":"","ngg_post_thumbnail":0,"footnotes":""},"categories":[7],"tags":[106,102,105,14,79,108,107],"class_list":["post-1832","post","type-post","status-publish","format-standard","has-post-thumbnail","hentry","category-gemeinde","tag-entscheidungen","tag-ewiges-leben","tag-ewigkeit","tag-jugend","tag-jugendwochenende","tag-sinn-des-lebens","tag-zeit"],"uagb_featured_image_src":{"full":["https:\/\/www.gemeinde-gottes-kirchberg.de\/wp-content\/uploads\/2019\/04\/DSC00870.jpg",2000,652,false],"thumbnail":["https:\/\/www.gemeinde-gottes-kirchberg.de\/wp-content\/uploads\/2019\/04\/DSC00870-150x150.jpg",150,150,true],"medium":["https:\/\/www.gemeinde-gottes-kirchberg.de\/wp-content\/uploads\/2019\/04\/DSC00870-300x98.jpg",300,98,true],"medium_large":["https:\/\/www.gemeinde-gottes-kirchberg.de\/wp-content\/uploads\/2019\/04\/DSC00870-768x250.jpg",768,250,true],"large":["https:\/\/www.gemeinde-gottes-kirchberg.de\/wp-content\/uploads\/2019\/04\/DSC00870-1024x334.jpg",1024,334,true],"1536x1536":["https:\/\/www.gemeinde-gottes-kirchberg.de\/wp-content\/uploads\/2019\/04\/DSC00870.jpg",1536,501,false],"2048x2048":["https:\/\/www.gemeinde-gottes-kirchberg.de\/wp-content\/uploads\/2019\/04\/DSC00870.jpg",2000,652,false]},"uagb_author_info":{"display_name":"daa","author_link":"https:\/\/www.gemeinde-gottes-kirchberg.de\/?author=11"},"uagb_comment_info":0,"uagb_excerpt":"Das erste Wochenende im M\u00e4rz ist bei uns schon seit Jahren fest f\u00fcr das Jugendwochenende vorgemerkt. Wir danken Gott, dass wir auch in diesem Jahr auf sch\u00f6ne und gesegnete Tage vom 1. bis zum 3. M\u00e4rz zur\u00fcckblicken d\u00fcrfen, zu denen bei uns wieder viele Jugendliche aus unterschiedlichen Gemeinden zu Gast waren. Das Motto dieses Jugendwochenendes&hellip;","_links":{"self":[{"href":"https:\/\/www.gemeinde-gottes-kirchberg.de\/index.php?rest_route=\/wp\/v2\/posts\/1832","targetHints":{"allow":["GET"]}}],"collection":[{"href":"https:\/\/www.gemeinde-gottes-kirchberg.de\/index.php?rest_route=\/wp\/v2\/posts"}],"about":[{"href":"https:\/\/www.gemeinde-gottes-kirchberg.de\/index.php?rest_route=\/wp\/v2\/types\/post"}],"author":[{"embeddable":true,"href":"https:\/\/www.gemeinde-gottes-kirchberg.de\/index.php?rest_route=\/wp\/v2\/users\/11"}],"replies":[{"embeddable":true,"href":"https:\/\/www.gemeinde-gottes-kirchberg.de\/index.php?rest_route=%2Fwp%2Fv2%2Fcomments&post=1832"}],"version-history":[{"count":6,"href":"https:\/\/www.gemeinde-gottes-kirchberg.de\/index.php?rest_route=\/wp\/v2\/posts\/1832\/revisions"}],"predecessor-version":[{"id":3179,"href":"https:\/\/www.gemeinde-gottes-kirchberg.de\/index.php?rest_route=\/wp\/v2\/posts\/1832\/revisions\/3179"}],"wp:featuredmedia":[{"embeddable":true,"href":"https:\/\/www.gemeinde-gottes-kirchberg.de\/index.php?rest_route=\/wp\/v2\/media\/1834"}],"wp:attachment":[{"href":"https:\/\/www.gemeinde-gottes-kirchberg.de\/index.php?rest_route=%2Fwp%2Fv2%2Fmedia&parent=1832"}],"wp:term":[{"taxonomy":"category","embeddable":true,"href":"https:\/\/www.gemeinde-gottes-kirchberg.de\/index.php?rest_route=%2Fwp%2Fv2%2Fcategories&post=1832"},{"taxonomy":"post_tag","embeddable":true,"href":"https:\/\/www.gemeinde-gottes-kirchberg.de\/index.php?rest_route=%2Fwp%2Fv2%2Ftags&post=1832"}],"curies":[{"name":"wp","href":"https:\/\/api.w.org\/{rel}","templated":true}]}}