{"id":3415,"date":"2022-03-23T22:35:14","date_gmt":"2022-03-23T21:35:14","guid":{"rendered":"http:\/\/www.gemeinde-gottes-kirchberg.de\/?p=3415"},"modified":"2022-10-10T22:08:24","modified_gmt":"2022-10-10T20:08:24","slug":"hilfseinsatz-in-der-gemeinde-gottes-in-bolivien","status":"publish","type":"post","link":"https:\/\/www.gemeinde-gottes-kirchberg.de\/?p=3415","title":{"rendered":"Hilfseinsatz in der Gemeinde Gottes in Bolivien"},"content":{"rendered":"\n<p><strong>\u201eBefiehl dem Herrn deine Werke, und deine Pl\u00e4ne werden zustande kommen\u201c<\/strong> (Spr\u00fcche 16, 3).<\/p>\n\n\n\n<p>Diese Wahrheit erkannte der ber\u00fchmte K\u00f6nig Salomo und schrieb sie nieder. Heute \u2013 etwa 3000 Jahre sp\u00e4ter d\u00fcrfen wir erleben, wie wahr doch diese Worte der Bibel sind.<\/p>\n\n\n\n<p>Der Bau einer Schule und dringende Umbauarbeiten am Kinderheim, die in der <a href=\"http:\/\/bolivia.gemeindegottes.org\/\" target=\"_blank\" rel=\"noreferrer noopener\">Gemeinde Gottes in Bolivien<\/a> anstehen und die Idee, einen Hilfseinsatz dort zu organisieren \u2013 das war der Plan.<\/p>\n\n\n\n<p><a href=\"http:\/\/www.gemeinde-gottes-kirchberg.de\/?p=1617\" target=\"_blank\" rel=\"noreferrer noopener\">Schon im Jahr 2017<\/a> hatten wir die Gelegenheit, die Gemeinde beim Bau des Versammlungshauses zu unterst\u00fctzen. Diese gesegnete Zeit hatten wir noch sehr greifbar im Ged\u00e4chtnis. Und so war das Interesse sehr gro\u00df, wieder die Geschwister, das Land und die Fortschritte in der Gemeinde zu sehen.<\/p>\n\n\n\n<p>Zwischen unserem Wollen und der tats\u00e4chlichen Ausf\u00fchrung stand die weltweite Corona Krise mit fast t\u00e4glich wechselnden Auflagen und Einschr\u00e4nkungen. Und so durften wir der biblischen Aufforderung, die Werke doch dem Herrn zu befehlen, praktisch gehorchen.<\/p>\n\n\n\n<p>Gespannt und doch zuversichtlich, trafen wir uns dann schlie\u00dflich am 28. Januar 2022 mit 30 Glaubens-Geschwistern aus ganz Deutschland am Frankfurter Flughafen. In mehr als 60 Koffern und Taschen verpackten wir rund 1,5 Tonnen Geschenke, S\u00fc\u00dfigkeiten, Literatur, Werkzeuge und pers\u00f6nliches Gep\u00e4ck. Gott sei Dank, durften wir am n\u00e4chsten Tag ohne gro\u00dfe Zwischenf\u00e4lle m\u00fcde, aber erleichtert die Empfangshalle des Flughafens in Santa Cruz betreten.<\/p>\n\n\n\n<p>F\u00fcr Unternehmungen dieser Dimension waren die Geschwister in Bolivien bestens gewappnet. Mit einem Kleinbus, Pickup und einem gro\u00dfen Anh\u00e4nger wurden Mannschaft und Ladung landestypisch unkompliziert verstaut und sicher zu den \u00dcbernachtungspl\u00e4tzen gebracht.<\/p>\n\n\n\n<div class=\"wp-block-columns is-layout-flex wp-container-core-columns-is-layout-9d6595d7 wp-block-columns-is-layout-flex\">\n<div class=\"wp-block-column is-layout-flow wp-block-column-is-layout-flow\">\n<figure class=\"wp-block-image size-medium is-style-default\"><a href=\"http:\/\/www.gemeinde-gottes-kirchberg.de\/wp-content\/uploads\/2022\/03\/Frankfurt-1.jpg\" rel=\"lightbox[3415]\"><img loading=\"lazy\" decoding=\"async\" width=\"1024\" height=\"576\" src=\"http:\/\/www.gemeinde-gottes-kirchberg.de\/wp-content\/uploads\/2022\/03\/Frankfurt-1-1024x576.jpg\" alt=\"\" class=\"wp-image-3419\" srcset=\"https:\/\/www.gemeinde-gottes-kirchberg.de\/wp-content\/uploads\/2022\/03\/Frankfurt-1-1024x576.jpg 1024w, https:\/\/www.gemeinde-gottes-kirchberg.de\/wp-content\/uploads\/2022\/03\/Frankfurt-1-300x169.jpg 300w, https:\/\/www.gemeinde-gottes-kirchberg.de\/wp-content\/uploads\/2022\/03\/Frankfurt-1-768x432.jpg 768w, https:\/\/www.gemeinde-gottes-kirchberg.de\/wp-content\/uploads\/2022\/03\/Frankfurt-1-1536x864.jpg 1536w, https:\/\/www.gemeinde-gottes-kirchberg.de\/wp-content\/uploads\/2022\/03\/Frankfurt-1.jpg 1930w\" sizes=\"auto, (max-width: 1024px) 100vw, 1024px\" \/><\/a><figcaption>Am Frankfurter Flughafen<\/figcaption><\/figure>\n<\/div>\n\n\n\n<div class=\"wp-block-column is-layout-flow wp-block-column-is-layout-flow\">\n<figure class=\"wp-block-image size-medium is-style-default\"><a href=\"http:\/\/www.gemeinde-gottes-kirchberg.de\/wp-content\/uploads\/2022\/03\/Reifenpanne.jpg\" rel=\"lightbox[3415]\"><img loading=\"lazy\" decoding=\"async\" width=\"1024\" height=\"576\" src=\"http:\/\/www.gemeinde-gottes-kirchberg.de\/wp-content\/uploads\/2022\/03\/Reifenpanne-1024x576.jpg\" alt=\"\" class=\"wp-image-3420\" srcset=\"https:\/\/www.gemeinde-gottes-kirchberg.de\/wp-content\/uploads\/2022\/03\/Reifenpanne-1024x576.jpg 1024w, https:\/\/www.gemeinde-gottes-kirchberg.de\/wp-content\/uploads\/2022\/03\/Reifenpanne-300x169.jpg 300w, https:\/\/www.gemeinde-gottes-kirchberg.de\/wp-content\/uploads\/2022\/03\/Reifenpanne-768x432.jpg 768w, https:\/\/www.gemeinde-gottes-kirchberg.de\/wp-content\/uploads\/2022\/03\/Reifenpanne-1536x864.jpg 1536w, https:\/\/www.gemeinde-gottes-kirchberg.de\/wp-content\/uploads\/2022\/03\/Reifenpanne.jpg 1930w\" sizes=\"auto, (max-width: 1024px) 100vw, 1024px\" \/><\/a><figcaption>Reifenpanne auf dem Weg nach Via Gracia<\/figcaption><\/figure>\n<\/div>\n\n\n\n<div class=\"wp-block-column is-layout-flow wp-block-column-is-layout-flow\">\n<figure class=\"wp-block-image size-medium is-style-default\"><a href=\"http:\/\/www.gemeinde-gottes-kirchberg.de\/wp-content\/uploads\/2022\/03\/Mittagessen-in-Via-Gracia.jpeg\" rel=\"lightbox[3415]\"><img loading=\"lazy\" decoding=\"async\" width=\"1672\" height=\"938\" src=\"http:\/\/www.gemeinde-gottes-kirchberg.de\/wp-content\/uploads\/2022\/03\/Mittagessen-in-Via-Gracia-edited.jpeg\" alt=\"\" class=\"wp-image-3435\" srcset=\"https:\/\/www.gemeinde-gottes-kirchberg.de\/wp-content\/uploads\/2022\/03\/Mittagessen-in-Via-Gracia-edited.jpeg 1672w, https:\/\/www.gemeinde-gottes-kirchberg.de\/wp-content\/uploads\/2022\/03\/Mittagessen-in-Via-Gracia-edited-300x168.jpeg 300w, https:\/\/www.gemeinde-gottes-kirchberg.de\/wp-content\/uploads\/2022\/03\/Mittagessen-in-Via-Gracia-edited-1024x574.jpeg 1024w, https:\/\/www.gemeinde-gottes-kirchberg.de\/wp-content\/uploads\/2022\/03\/Mittagessen-in-Via-Gracia-edited-768x431.jpeg 768w, https:\/\/www.gemeinde-gottes-kirchberg.de\/wp-content\/uploads\/2022\/03\/Mittagessen-in-Via-Gracia-edited-1536x862.jpeg 1536w\" sizes=\"auto, (max-width: 1672px) 100vw, 1672px\" \/><\/a><figcaption>Mittagessen in Via Gracia<\/figcaption><\/figure>\n<\/div>\n<\/div>\n\n\n\n<p>Der n\u00e4chste Tag begann f\u00fcr uns schon um 5 Uhr morgens. An diesem Sonntag stand der Besuch der Gemeinde in Via Gracia an. Doch die rund zweist\u00fcndige Fahrt bekam noch eine unerwartete Zwangspause. An unserem Bus platzte ein Reifen. Doch mit einem Ersatzrad, Werkzeug und unerschrockenem Einsatz, war das Problem relativ schnell behoben. Mit einer kleinen Versp\u00e4tung hatten wir aber doch noch eine sch\u00f6ne Gemeinschaft im Gottesdienst und beim gemeinsamen Mittagessen.<\/p>\n\n\n\n<p>Unser Hilfseinsatz hatte 3 Schwerpunkte \u2013 Aktionen mit Kindern, Umbauarbeiten im Kinderheim und in der Schule in Shalom. Und so blieben 3 Schwestern gleich in Via Gracia. Dort f\u00fchrten sie eine Kinderfreizeit durch.<\/p>\n\n\n\n<p>Im Kinderheim sollte ein Innenhof \u00fcberdacht, sowie ein Geb\u00e4ude erweitert werden. Doch auch die wichtigste Zielgruppe an diesem Ort \u2013 die Kinder des Kinderheims kamen in diesen Tagen nicht zu kurz. Durch verschiedene Aktionen, Tischgemeinschaften und auch die freie Zeit, wuchs man sehr schnell zusammen.<\/p>\n\n\n\n<p>Auf dem Gel\u00e4nde der Gemeinde in Shalom wurde mit dem Bau einer neuen Schule &nbsp;begonnen. Leider ging der Baufortschritt nicht so schnell voran wie das kommende Ende der Winterferien. So war die Aufgabe der dritten Gruppe, provisorische Klassenr\u00e4ume in einem Nebengeb\u00e4ude einzurichten. Dabei mussten Fenster, T\u00fcren, Elektrik, Schulb\u00e4nke und Sanit\u00e4re Einrichtungen f\u00fcr den Schulstart innerhalb von wenigen Tagen installiert werden. Gleichzeitig wurden auch die W\u00e4nde am neuen Schulgeb\u00e4ude gespachtelt.<\/p>\n\n\n\n<p>Da die Einsatzorte mindestens 40 Minuten voneinander entfernt sind, trafen wir uns als Gruppe nur bei den Gottesdiensten. Doch Dank der t\u00e4glichen Abendversammlungen, die in Shalom von Mittwoch bis Freitag stattfanden, kamen wir doch fast jeden Abend zusammen. Auch der Samstag begann morgens mit einer Andacht und einem M\u00e4nnerfr\u00fchst\u00fcck. Darauf folgte eine Kinderfreizeit und schlie\u00dflich am Abend noch die Jugendstunde.<\/p>\n\n\n\n<div class=\"wp-block-columns is-layout-flex wp-container-core-columns-is-layout-9d6595d7 wp-block-columns-is-layout-flex\">\n<div class=\"wp-block-column is-layout-flow wp-block-column-is-layout-flow\">\n<figure class=\"wp-block-image size-medium is-style-default\"><a href=\"http:\/\/www.gemeinde-gottes-kirchberg.de\/wp-content\/uploads\/2022\/03\/Kinder-edited.jpg\" rel=\"lightbox[3415]\"><img loading=\"lazy\" decoding=\"async\" width=\"1930\" height=\"1081\" src=\"http:\/\/www.gemeinde-gottes-kirchberg.de\/wp-content\/uploads\/2022\/03\/Kinder-edited.jpg\" alt=\"test\" class=\"wp-image-3456\" srcset=\"https:\/\/www.gemeinde-gottes-kirchberg.de\/wp-content\/uploads\/2022\/03\/Kinder-edited.jpg 1930w, https:\/\/www.gemeinde-gottes-kirchberg.de\/wp-content\/uploads\/2022\/03\/Kinder-edited-300x168.jpg 300w, https:\/\/www.gemeinde-gottes-kirchberg.de\/wp-content\/uploads\/2022\/03\/Kinder-edited-1024x574.jpg 1024w, https:\/\/www.gemeinde-gottes-kirchberg.de\/wp-content\/uploads\/2022\/03\/Kinder-edited-768x430.jpg 768w, https:\/\/www.gemeinde-gottes-kirchberg.de\/wp-content\/uploads\/2022\/03\/Kinder-edited-1536x860.jpg 1536w\" sizes=\"auto, (max-width: 1930px) 100vw, 1930px\" \/><\/a><figcaption>Im Kinderheim<\/figcaption><\/figure>\n<\/div>\n\n\n\n<div class=\"wp-block-column is-layout-flow wp-block-column-is-layout-flow\">\n<figure class=\"wp-block-image size-medium is-style-default\"><a href=\"http:\/\/www.gemeinde-gottes-kirchberg.de\/wp-content\/uploads\/2022\/03\/photo_2022-03-21_21-52-48-edited.jpg\" rel=\"lightbox[3415]\"><img loading=\"lazy\" decoding=\"async\" width=\"1280\" height=\"719\" src=\"http:\/\/www.gemeinde-gottes-kirchberg.de\/wp-content\/uploads\/2022\/03\/photo_2022-03-21_21-52-48-edited.jpg\" alt=\"\" class=\"wp-image-3455\" srcset=\"https:\/\/www.gemeinde-gottes-kirchberg.de\/wp-content\/uploads\/2022\/03\/photo_2022-03-21_21-52-48-edited.jpg 1280w, https:\/\/www.gemeinde-gottes-kirchberg.de\/wp-content\/uploads\/2022\/03\/photo_2022-03-21_21-52-48-edited-300x169.jpg 300w, https:\/\/www.gemeinde-gottes-kirchberg.de\/wp-content\/uploads\/2022\/03\/photo_2022-03-21_21-52-48-edited-1024x575.jpg 1024w, https:\/\/www.gemeinde-gottes-kirchberg.de\/wp-content\/uploads\/2022\/03\/photo_2022-03-21_21-52-48-edited-768x431.jpg 768w\" sizes=\"auto, (max-width: 1280px) 100vw, 1280px\" \/><\/a><figcaption>unsere Reisegruppe<\/figcaption><\/figure>\n<\/div>\n\n\n\n<div class=\"wp-block-column is-layout-flow wp-block-column-is-layout-flow\">\n<figure class=\"wp-block-image size-medium is-style-default\"><a href=\"http:\/\/www.gemeinde-gottes-kirchberg.de\/wp-content\/uploads\/2022\/03\/Volleyball-edited-1.jpg\" rel=\"lightbox[3415]\"><img loading=\"lazy\" decoding=\"async\" width=\"1667\" height=\"939\" src=\"http:\/\/www.gemeinde-gottes-kirchberg.de\/wp-content\/uploads\/2022\/03\/Volleyball-edited-1.jpg\" alt=\"\" class=\"wp-image-3438\" srcset=\"https:\/\/www.gemeinde-gottes-kirchberg.de\/wp-content\/uploads\/2022\/03\/Volleyball-edited-1.jpg 1667w, https:\/\/www.gemeinde-gottes-kirchberg.de\/wp-content\/uploads\/2022\/03\/Volleyball-edited-1-300x169.jpg 300w, https:\/\/www.gemeinde-gottes-kirchberg.de\/wp-content\/uploads\/2022\/03\/Volleyball-edited-1-1024x577.jpg 1024w, https:\/\/www.gemeinde-gottes-kirchberg.de\/wp-content\/uploads\/2022\/03\/Volleyball-edited-1-768x433.jpg 768w, https:\/\/www.gemeinde-gottes-kirchberg.de\/wp-content\/uploads\/2022\/03\/Volleyball-edited-1-1536x865.jpg 1536w\" sizes=\"auto, (max-width: 1667px) 100vw, 1667px\" \/><\/a><figcaption>Volleyballspiel nach dem Gemeindefest<\/figcaption><\/figure>\n<\/div>\n<\/div>\n\n\n\n<p>Am Sonntag kam dann die ganze Shalom Gemeinde zu den Fest Gottesdiensten zusammen. Die Geschwister verw\u00f6hnten uns mit Gegrilltem und leckeren S\u00fc\u00dfspeisen. Den Abend lie\u00dfen wir mit Volleyball und Gespr\u00e4chen auf dem sch\u00f6nen und weitl\u00e4ufigen Gemeindegrundst\u00fcck ausklingen.<\/p>\n\n\n\n<p>In der zweiten Woche gingen Arbeit und Gemeinschaft wieder Hand in Hand weiter. Tag f\u00fcr Tag kamen wir zusammen, hielten Gemeinschaft, verteilten uns auf K\u00fcche, Kinder oder Baustellen und kamen anschlie\u00dfend wieder zusammen. Dabei verging die Zeit wie im Flug und wir fanden uns am Ende der zweiten Woche wieder, wo wir unsere Koffer packen und leider Abschied nehmen mussten.<\/p>\n\n\n\n<div class=\"wp-block-columns is-layout-flex wp-container-core-columns-is-layout-9d6595d7 wp-block-columns-is-layout-flex\">\n<div class=\"wp-block-column is-layout-flow wp-block-column-is-layout-flow\">\n<figure class=\"wp-block-image size-medium is-style-default\"><a href=\"http:\/\/www.gemeinde-gottes-kirchberg.de\/wp-content\/uploads\/2022\/03\/Tische-lackieren.jpg\" rel=\"lightbox[3415]\"><img loading=\"lazy\" decoding=\"async\" width=\"1024\" height=\"576\" src=\"http:\/\/www.gemeinde-gottes-kirchberg.de\/wp-content\/uploads\/2022\/03\/Tische-lackieren-1024x576.jpg\" alt=\"\" class=\"wp-image-3444\" srcset=\"https:\/\/www.gemeinde-gottes-kirchberg.de\/wp-content\/uploads\/2022\/03\/Tische-lackieren-1024x576.jpg 1024w, https:\/\/www.gemeinde-gottes-kirchberg.de\/wp-content\/uploads\/2022\/03\/Tische-lackieren-300x169.jpg 300w, https:\/\/www.gemeinde-gottes-kirchberg.de\/wp-content\/uploads\/2022\/03\/Tische-lackieren-768x432.jpg 768w, https:\/\/www.gemeinde-gottes-kirchberg.de\/wp-content\/uploads\/2022\/03\/Tische-lackieren-1536x864.jpg 1536w, https:\/\/www.gemeinde-gottes-kirchberg.de\/wp-content\/uploads\/2022\/03\/Tische-lackieren.jpg 1930w\" sizes=\"auto, (max-width: 1024px) 100vw, 1024px\" \/><\/a><figcaption>Beim Lackieren der Schulb\u00e4nke<\/figcaption><\/figure>\n<\/div>\n\n\n\n<div class=\"wp-block-column is-layout-flow wp-block-column-is-layout-flow\">\n<figure class=\"wp-block-image size-large is-style-default\"><a href=\"http:\/\/www.gemeinde-gottes-kirchberg.de\/wp-content\/uploads\/2022\/03\/Arbeiten-am-Abend-1.jpg\" rel=\"lightbox[3415]\"><img loading=\"lazy\" decoding=\"async\" width=\"1024\" height=\"576\" src=\"http:\/\/www.gemeinde-gottes-kirchberg.de\/wp-content\/uploads\/2022\/03\/Arbeiten-am-Abend-1-1024x576.jpg\" alt=\"\" class=\"wp-image-3443\" srcset=\"https:\/\/www.gemeinde-gottes-kirchberg.de\/wp-content\/uploads\/2022\/03\/Arbeiten-am-Abend-1-1024x576.jpg 1024w, https:\/\/www.gemeinde-gottes-kirchberg.de\/wp-content\/uploads\/2022\/03\/Arbeiten-am-Abend-1-300x169.jpg 300w, https:\/\/www.gemeinde-gottes-kirchberg.de\/wp-content\/uploads\/2022\/03\/Arbeiten-am-Abend-1-768x432.jpg 768w, https:\/\/www.gemeinde-gottes-kirchberg.de\/wp-content\/uploads\/2022\/03\/Arbeiten-am-Abend-1-1536x864.jpg 1536w, https:\/\/www.gemeinde-gottes-kirchberg.de\/wp-content\/uploads\/2022\/03\/Arbeiten-am-Abend-1.jpg 1930w\" sizes=\"auto, (max-width: 1024px) 100vw, 1024px\" \/><\/a><figcaption>Letzte Arbeiten am Abend vor dem Schulstart<\/figcaption><\/figure>\n<\/div>\n\n\n\n<div class=\"wp-block-column is-layout-flow wp-block-column-is-layout-flow\">\n<figure class=\"wp-block-image size-large is-style-default\"><a href=\"http:\/\/www.gemeinde-gottes-kirchberg.de\/wp-content\/uploads\/2022\/03\/photo_2022-03-21_21-59-38.jpg\" rel=\"lightbox[3415]\"><img loading=\"lazy\" decoding=\"async\" width=\"1024\" height=\"768\" src=\"http:\/\/www.gemeinde-gottes-kirchberg.de\/wp-content\/uploads\/2022\/03\/photo_2022-03-21_21-59-38-1024x768.jpg\" alt=\"\" class=\"wp-image-3446\" srcset=\"https:\/\/www.gemeinde-gottes-kirchberg.de\/wp-content\/uploads\/2022\/03\/photo_2022-03-21_21-59-38-1024x768.jpg 1024w, https:\/\/www.gemeinde-gottes-kirchberg.de\/wp-content\/uploads\/2022\/03\/photo_2022-03-21_21-59-38-300x225.jpg 300w, https:\/\/www.gemeinde-gottes-kirchberg.de\/wp-content\/uploads\/2022\/03\/photo_2022-03-21_21-59-38-768x576.jpg 768w, https:\/\/www.gemeinde-gottes-kirchberg.de\/wp-content\/uploads\/2022\/03\/photo_2022-03-21_21-59-38.jpg 1280w\" sizes=\"auto, (max-width: 1024px) 100vw, 1024px\" \/><\/a><figcaption>Abschiedsfoto mit dem Kindern aus dem Kindeheim<\/figcaption><\/figure>\n<\/div>\n<\/div>\n\n\n\n<p>Nicht selten wurde ich beim Erz\u00e4hlen von dieser Reise gefragt, ob unsere pers\u00f6nliche Hilfe vor Ort tats\u00e4chlich so notwendig gewesen w\u00e4re. H\u00e4tten unsere Reisekosten nicht effektiver in \u00f6rtliche Dienstleister investiert werden k\u00f6nnen?<\/p>\n\n\n\n<p>Doch ich kann r\u00fcckblickend nur Gott danken f\u00fcr dieses unvergessliche Erlebnis. Wir sind von Deutschland vollbepackt abgereist. Zur\u00fcck kamen wir mit wesentlich weniger Gep\u00e4ck, jedoch mit Herzen erf\u00fcllt mit Segen und Dankbarkeit.<\/p>\n\n\n\n<p>In diesen zwei Wochen durften wir viele neue Glaubensgeschwister kennenlernen. Ganz losgel\u00f6st von unserem Alltag, konnten wir intensive und ungezwungene Gemeinschaft im Gebet, in Gespr\u00e4chen und im Betrachten des Wortes Gottes unter anderen Umst\u00e4nden und Temperaturen genie\u00dfen.<\/p>\n\n\n\n<p>Wir kamen einige Male an die Grenzen unserer Kr\u00e4fte und auch von Krankheiten wurden manche nicht verschont.<\/p>\n\n\n\n<p>Doch neben all den Erlebnissen und dem Abenteuer, dass so weit entfernte L\u00e4nder und Kulturen bieten, ist es am Ende die Gnade Gottes, die uns einen ewigen und fortw\u00e4hrenden Reichtum schenkt.<\/p>\n\n\n\n<p>Es sind die ewigen Sch\u00e4tze, die wir in dieser Reise sammeln durften, die uns unverg\u00e4nglich erhalten bleiben, auch wenn irgendwann diese sch\u00f6ne Zeit in unserer Erinnerung verblassen wird.<\/p>\n\n\n\n<p>Daf\u00fcr sind wir Gott von Herzen dankbar!<\/p>\n","protected":false},"excerpt":{"rendered":"<p>\u201eBefiehl dem Herrn deine Werke, und deine Pl\u00e4ne werden zustande kommen\u201c (Spr\u00fcche 16, 3). Diese Wahrheit erkannte der ber\u00fchmte K\u00f6nig Salomo und schrieb sie nieder. Heute \u2013 etwa 3000 Jahre sp\u00e4ter d\u00fcrfen wir erleben, wie wahr doch diese Worte der Bibel sind. Der Bau einer Schule und dringende Umbauarbeiten am Kinderheim, die in der Gemeinde [&hellip;]<\/p>\n","protected":false},"author":11,"featured_media":3417,"comment_status":"closed","ping_status":"open","sticky":false,"template":"","format":"standard","meta":{"_uag_custom_page_level_css":"","ngg_post_thumbnail":0,"footnotes":""},"categories":[7],"tags":[91,93,62,189],"class_list":["post-3415","post","type-post","status-publish","format-standard","has-post-thumbnail","hentry","category-gemeinde","tag-bolivien","tag-gemeinde","tag-gemeinschaft","tag-segen"],"uagb_featured_image_src":{"full":["https:\/\/www.gemeinde-gottes-kirchberg.de\/wp-content\/uploads\/2022\/03\/Baum.jpg",1930,1086,false],"thumbnail":["https:\/\/www.gemeinde-gottes-kirchberg.de\/wp-content\/uploads\/2022\/03\/Baum-150x150.jpg",150,150,true],"medium":["https:\/\/www.gemeinde-gottes-kirchberg.de\/wp-content\/uploads\/2022\/03\/Baum-300x169.jpg",300,169,true],"medium_large":["https:\/\/www.gemeinde-gottes-kirchberg.de\/wp-content\/uploads\/2022\/03\/Baum-768x432.jpg",768,432,true],"large":["https:\/\/www.gemeinde-gottes-kirchberg.de\/wp-content\/uploads\/2022\/03\/Baum-1024x576.jpg",1024,576,true],"1536x1536":["https:\/\/www.gemeinde-gottes-kirchberg.de\/wp-content\/uploads\/2022\/03\/Baum-1536x864.jpg",1536,864,true],"2048x2048":["https:\/\/www.gemeinde-gottes-kirchberg.de\/wp-content\/uploads\/2022\/03\/Baum.jpg",1930,1086,false]},"uagb_author_info":{"display_name":"daa","author_link":"https:\/\/www.gemeinde-gottes-kirchberg.de\/?author=11"},"uagb_comment_info":0,"uagb_excerpt":"\u201eBefiehl dem Herrn deine Werke, und deine Pl\u00e4ne werden zustande kommen\u201c (Spr\u00fcche 16, 3). Diese Wahrheit erkannte der ber\u00fchmte K\u00f6nig Salomo und schrieb sie nieder. Heute \u2013 etwa 3000 Jahre sp\u00e4ter d\u00fcrfen wir erleben, wie wahr doch diese Worte der Bibel sind. Der Bau einer Schule und dringende Umbauarbeiten am Kinderheim, die in der Gemeinde&hellip;","_links":{"self":[{"href":"https:\/\/www.gemeinde-gottes-kirchberg.de\/index.php?rest_route=\/wp\/v2\/posts\/3415","targetHints":{"allow":["GET"]}}],"collection":[{"href":"https:\/\/www.gemeinde-gottes-kirchberg.de\/index.php?rest_route=\/wp\/v2\/posts"}],"about":[{"href":"https:\/\/www.gemeinde-gottes-kirchberg.de\/index.php?rest_route=\/wp\/v2\/types\/post"}],"author":[{"embeddable":true,"href":"https:\/\/www.gemeinde-gottes-kirchberg.de\/index.php?rest_route=\/wp\/v2\/users\/11"}],"replies":[{"embeddable":true,"href":"https:\/\/www.gemeinde-gottes-kirchberg.de\/index.php?rest_route=%2Fwp%2Fv2%2Fcomments&post=3415"}],"version-history":[{"count":33,"href":"https:\/\/www.gemeinde-gottes-kirchberg.de\/index.php?rest_route=\/wp\/v2\/posts\/3415\/revisions"}],"predecessor-version":[{"id":3670,"href":"https:\/\/www.gemeinde-gottes-kirchberg.de\/index.php?rest_route=\/wp\/v2\/posts\/3415\/revisions\/3670"}],"wp:featuredmedia":[{"embeddable":true,"href":"https:\/\/www.gemeinde-gottes-kirchberg.de\/index.php?rest_route=\/wp\/v2\/media\/3417"}],"wp:attachment":[{"href":"https:\/\/www.gemeinde-gottes-kirchberg.de\/index.php?rest_route=%2Fwp%2Fv2%2Fmedia&parent=3415"}],"wp:term":[{"taxonomy":"category","embeddable":true,"href":"https:\/\/www.gemeinde-gottes-kirchberg.de\/index.php?rest_route=%2Fwp%2Fv2%2Fcategories&post=3415"},{"taxonomy":"post_tag","embeddable":true,"href":"https:\/\/www.gemeinde-gottes-kirchberg.de\/index.php?rest_route=%2Fwp%2Fv2%2Ftags&post=3415"}],"curies":[{"name":"wp","href":"https:\/\/api.w.org\/{rel}","templated":true}]}}