{"id":3798,"date":"2023-09-25T21:51:13","date_gmt":"2023-09-25T19:51:13","guid":{"rendered":"http:\/\/www.gemeinde-gottes-kirchberg.de\/?p=3798"},"modified":"2023-09-25T21:51:14","modified_gmt":"2023-09-25T19:51:14","slug":"tauf-fest-2023","status":"publish","type":"post","link":"https:\/\/www.gemeinde-gottes-kirchberg.de\/?p=3798","title":{"rendered":"Tauf-Fest 2023"},"content":{"rendered":"\n<p><em>\u201eWundere dich nicht, dass ich dir gesagt habe: Ihr m\u00fcsst von neuem geboren werden! Der Wind weht, wo er will, und du h\u00f6rst sein Sausen; aber du wei\u00dft nicht, woher er kommt und wohin er geht. So ist jeder, der aus dem Geist geboren ist\u201c<\/em> <br>(Johannes 3, 7-8)<\/p>\n\n\n\n<p>Wir d\u00fcrfen immer wieder aufs Neue das Wunder bestaunen, wie Gott Menschen sucht und ihnen begegnet. Man kann es in kein Schema zw\u00e4ngen noch voraussagen. Gleichzeitig ist aber die Liebe Gottes zu uns Menschen eine Tatsache mit der wir stark rechnen.<\/p>\n\n\n\n<p><em>\u201e\u2026denn dies ist gut und angenehm vor Gott, unserem Retter, welcher will, dass alle Menschen gerettet werden und zur Erkenntnis der Wahrheit kommen\u201c<\/em> <br>(1. Timotheus 2, 3-4)<\/p>\n\n\n\n<p>Aus diesem Grund durften wir auch in diesem Jahr, am 16. Juli ein Tauf-Fest feiern. Vier Kinder Gottes stiegen in das Wasser und bezeugten den Bund ihres guten Gewissens vor Gott und Menschen.<\/p>\n\n\n\n<figure class=\"wp-block-image size-large\"><a href=\"http:\/\/www.gemeinde-gottes-kirchberg.de\/wp-content\/uploads\/2023\/09\/IMG_20230716_164710.jpg\" rel=\"lightbox[3798]\"><img loading=\"lazy\" decoding=\"async\" width=\"1024\" height=\"768\" src=\"http:\/\/www.gemeinde-gottes-kirchberg.de\/wp-content\/uploads\/2023\/09\/IMG_20230716_164710-1024x768.jpg\" alt=\"\" class=\"wp-image-3799\" srcset=\"https:\/\/www.gemeinde-gottes-kirchberg.de\/wp-content\/uploads\/2023\/09\/IMG_20230716_164710-1024x768.jpg 1024w, https:\/\/www.gemeinde-gottes-kirchberg.de\/wp-content\/uploads\/2023\/09\/IMG_20230716_164710-300x225.jpg 300w, https:\/\/www.gemeinde-gottes-kirchberg.de\/wp-content\/uploads\/2023\/09\/IMG_20230716_164710-768x576.jpg 768w, https:\/\/www.gemeinde-gottes-kirchberg.de\/wp-content\/uploads\/2023\/09\/IMG_20230716_164710.jpg 1280w\" sizes=\"auto, (max-width: 1024px) 100vw, 1024px\" \/><\/a><\/figure>\n\n\n\n<p>Benjamin m\u00f6chte mit einem pers\u00f6nlichen Zeugnis von seinem Weg zur Taufe berichten\u2026<\/p>\n\n\n\n<p><strong>GOTT sei DANK<\/strong><\/p>\n\n\n\n<p>Es ist das gr\u00f6\u00dfte Geschenk, diese Gnade anzunehmen, die wir unverdient geschenkt bekommen, wenn wir Jesus Christus in unserem Herzen aufnehmen und an ihn glauben. Er, der Sohn Gottes, ist f\u00fcr unsere S\u00fcnden gestorben, damit wir ewiges Leben erhalten. Es ist so ein teures Geschenk und jedes Mal ein so gro\u00dfes Wunder, wenn sich jemand f\u00fcr diesen Weg entscheidet! Und ich w\u00fcnsche es JEDEM!<\/p>\n\n\n\n<p>Auch in meinem Leben war diese Entscheidung ein gro\u00dfer und vor Allem auch ein langanhaltender Kampf. Ich stand mit einem Fu\u00df in der Gemeinde aber leider mit dem anderen in der Welt. Es war eine sehr harte Zeit mit wichtigen Entscheidungen und hohen Verantwortungen, die durch das Erwachsenwerden dazu kamen. Ich habe sehr schlechte und haufenweise falsche Entscheidungen getroffen und nat\u00fcrlich auch geerntet, was ich ges\u00e4t habe. Ich befand mich sehr oft und sehr lange in einem Loch. Ich h\u00f6rte in der Gemeinde und durch meine Eltern wiederholt eine Stimme des Friedens, die immer wieder zu mir sprach, aber ich wollte diese einfach bewusst nicht h\u00f6ren.<\/p>\n\n\n\n<p>Tief in mir wusste ich irgendwie immer, dass ich falsch lebe und dass das alles zu nichts f\u00fchrt. So gab ich mir M\u00fche, sich mehr Zeit f\u00fcr Gott zu nehmen, aber ich konnte nicht durchdringen, auch wenn ich vieles in meinem Leben versuchte umzustellen.<\/p>\n\n\n\n<p>Eine Sache (S\u00fcnde) hielt mich einfach gefangen und das war schlie\u00dflich der Grund, weshalb ich mich vor einem Jahr auf die Knie geworfen habe. Ich schrie einfach nur in Tr\u00e4nen zu Gott, weil es mich seelisch so kaputt gemacht hatte&#8230;<\/p>\n\n\n\n<p>Mein Leben ist nach diesem Gebet der Bekehrung nicht vergleichbar mit dem vorherigen. Ich durfte mit der Kraft des Heiligen Geistes lernen, richtig zu k\u00e4mpfen und bin frei geworden! GOTT sei DANK!<\/p>\n\n\n\n<p>Ich bin nun froh, meinen Kopf zu Jesus hoch zu richten und nicht mehr bewusst auf den Boden zu schauen, wie zu der Zeit als ich noch gefesselt war.<\/p>\n\n\n\n<p>Gott sei Dank, durfte ich mich dieses Jahr auch endlich taufen lassen. <\/p>\n\n\n\n<p>Ich kann es jedem nur empfehlen: <\/p>\n\n\n\n<p><strong>\u201ebitte nehmt die Herausforderung an\u201c! Es lohnt sich und wird sich immer lohnen!<\/strong> <\/p>\n\n\n\n<p>Ich wei\u00df, manchmal kommen negative Gedanken und man ist am Boden, aber hier ist es so wichtig, sich zusammen zu rei\u00dfen und einfach wieder anfangen mit Gott zu reden. Du wirst sehen, Gott wird auch DEIN Herz \u00f6ffnen! Das kann ich nur bezeugen!<\/p>\n\n\n\n<p>GOTT geb\u00fchrt aller Dank!<\/p>\n","protected":false},"excerpt":{"rendered":"<p>\u201eWundere dich nicht, dass ich dir gesagt habe: Ihr m\u00fcsst von neuem geboren werden! Der Wind weht, wo er will, und du h\u00f6rst sein Sausen; aber du wei\u00dft nicht, woher er kommt und wohin er geht. So ist jeder, der aus dem Geist geboren ist\u201c (Johannes 3, 7-8) Wir d\u00fcrfen immer wieder aufs Neue das [&hellip;]<\/p>\n","protected":false},"author":11,"featured_media":3804,"comment_status":"closed","ping_status":"open","sticky":false,"template":"","format":"standard","meta":{"_uag_custom_page_level_css":"","ngg_post_thumbnail":0,"footnotes":""},"categories":[7],"tags":[43,198,87,94,167],"class_list":["post-3798","post","type-post","status-publish","format-standard","has-post-thumbnail","hentry","category-gemeinde","tag-bekehrung","tag-gutes-gewissen","tag-taufe","tag-vergebung","tag-von-suende-befreit"],"uagb_featured_image_src":{"full":["https:\/\/www.gemeinde-gottes-kirchberg.de\/wp-content\/uploads\/2023\/09\/UQ5A0925-scaled.jpg",2560,1706,false],"thumbnail":["https:\/\/www.gemeinde-gottes-kirchberg.de\/wp-content\/uploads\/2023\/09\/UQ5A0925-150x150.jpg",150,150,true],"medium":["https:\/\/www.gemeinde-gottes-kirchberg.de\/wp-content\/uploads\/2023\/09\/UQ5A0925-300x200.jpg",300,200,true],"medium_large":["https:\/\/www.gemeinde-gottes-kirchberg.de\/wp-content\/uploads\/2023\/09\/UQ5A0925-768x512.jpg",768,512,true],"large":["https:\/\/www.gemeinde-gottes-kirchberg.de\/wp-content\/uploads\/2023\/09\/UQ5A0925-1024x683.jpg",1024,683,true],"1536x1536":["https:\/\/www.gemeinde-gottes-kirchberg.de\/wp-content\/uploads\/2023\/09\/UQ5A0925-1536x1024.jpg",1536,1024,true],"2048x2048":["https:\/\/www.gemeinde-gottes-kirchberg.de\/wp-content\/uploads\/2023\/09\/UQ5A0925-2048x1365.jpg",2048,1365,true]},"uagb_author_info":{"display_name":"daa","author_link":"https:\/\/www.gemeinde-gottes-kirchberg.de\/?author=11"},"uagb_comment_info":0,"uagb_excerpt":"\u201eWundere dich nicht, dass ich dir gesagt habe: Ihr m\u00fcsst von neuem geboren werden! Der Wind weht, wo er will, und du h\u00f6rst sein Sausen; aber du wei\u00dft nicht, woher er kommt und wohin er geht. So ist jeder, der aus dem Geist geboren ist\u201c (Johannes 3, 7-8) Wir d\u00fcrfen immer wieder aufs Neue das&hellip;","_links":{"self":[{"href":"https:\/\/www.gemeinde-gottes-kirchberg.de\/index.php?rest_route=\/wp\/v2\/posts\/3798","targetHints":{"allow":["GET"]}}],"collection":[{"href":"https:\/\/www.gemeinde-gottes-kirchberg.de\/index.php?rest_route=\/wp\/v2\/posts"}],"about":[{"href":"https:\/\/www.gemeinde-gottes-kirchberg.de\/index.php?rest_route=\/wp\/v2\/types\/post"}],"author":[{"embeddable":true,"href":"https:\/\/www.gemeinde-gottes-kirchberg.de\/index.php?rest_route=\/wp\/v2\/users\/11"}],"replies":[{"embeddable":true,"href":"https:\/\/www.gemeinde-gottes-kirchberg.de\/index.php?rest_route=%2Fwp%2Fv2%2Fcomments&post=3798"}],"version-history":[{"count":4,"href":"https:\/\/www.gemeinde-gottes-kirchberg.de\/index.php?rest_route=\/wp\/v2\/posts\/3798\/revisions"}],"predecessor-version":[{"id":3803,"href":"https:\/\/www.gemeinde-gottes-kirchberg.de\/index.php?rest_route=\/wp\/v2\/posts\/3798\/revisions\/3803"}],"wp:featuredmedia":[{"embeddable":true,"href":"https:\/\/www.gemeinde-gottes-kirchberg.de\/index.php?rest_route=\/wp\/v2\/media\/3804"}],"wp:attachment":[{"href":"https:\/\/www.gemeinde-gottes-kirchberg.de\/index.php?rest_route=%2Fwp%2Fv2%2Fmedia&parent=3798"}],"wp:term":[{"taxonomy":"category","embeddable":true,"href":"https:\/\/www.gemeinde-gottes-kirchberg.de\/index.php?rest_route=%2Fwp%2Fv2%2Fcategories&post=3798"},{"taxonomy":"post_tag","embeddable":true,"href":"https:\/\/www.gemeinde-gottes-kirchberg.de\/index.php?rest_route=%2Fwp%2Fv2%2Ftags&post=3798"}],"curies":[{"name":"wp","href":"https:\/\/api.w.org\/{rel}","templated":true}]}}